{"id":110124,"date":"2019-05-21T16:00:52","date_gmt":"2019-05-21T14:00:52","guid":{"rendered":"https:\/\/www.quicosenza.it\/news\/senza-categoria\/non-solo-bike-e-la-marathon-degli-aragonesi\/"},"modified":"2023-01-16T18:27:46","modified_gmt":"2023-01-16T17:27:46","slug":"293876-non-solo-bike-e-la-marathon-degli-aragonesi","status":"publish","type":"post","link":"https:\/\/quicosenza.it\/news\/293876-non-solo-bike-e-la-marathon-degli-aragonesi\/","title":{"rendered":"Non solo bike, \u00e8 la Marathon degli aragonesi"},"content":{"rendered":"<h4>Intanto prosegue la corsa alle iscrizioni per la gara dell&#8217;imperticata che ha gi\u00e0 superato la soglia dei 300 partecipanti<\/h4>\n<p><!--more--><\/p>\n<p>&nbsp;<\/p>\n<p>CASTROVILLARI &#8211; Non solo bike, \u00e8 la <strong>Marathon degli aragonesi<\/strong>. L&#8217;evento nato come momento di promozione del <strong>Parco nazionale del Pollino<\/strong> propone, in collaborazione con le Guide Ufficiali del Parco, un programma di escursioni per conoscere da vicino le meraviglie naturalistiche della pi\u00f9 grande area protetta italiana. Ecco cos\u00ec che l&#8217;Associazione dilettantistica Ciclistica Castrovillari da anni ha stretto una forte sinergia collaborativa con le Guide ufficiali del Parco che propongono, per i giorni pre gara, un calendario di escursioni per conoscere da vicino il territorio e le sue bellezze paesaggistiche. La bici pu\u00f2 essere un pretesto, per tanti accompagnatori dei corridori in gara, per spingersi al Sud e visitare il parco nazionale pi\u00f9 grande d&#8217;Italia. La Marathon degli Aragonesi, infatti, \u00e8 nata con l&#8217;intento di essere momento di promozione e valorizzazione dell&#8217;area calabro &#8211; lucana, non solo con la gara per ruote grasse che permette alle centinaia di corridori di conoscere da vicino il Pollino ed i suoi aspetti pi\u00f9 selvaggi e naturali, ma anche agli accompagnatori che in gran numero di muovo al seguito dei bikers. Sabato 1 giugno alle ore 17.30 le <strong>guide Andrea Vacchiano e Gaetano Sangineti<\/strong> propongono una passeggiata a Colle Marcione e Collo della Ciuca e la visita al punto grifoni, una delle specie faunistiche reintrodotta sul Pollino grazie ad un progetto di reintroduzione che vede proprio a Civita, sulle Gole del Raganello, la colonia pi\u00f9 importante. Domenica 2 giugno, nella mattinata della gara, alle ore 10.00 dalla piazza centrale di Civita, subito dopo la partenza della Marathon, trekking nel borgo alla scoperta delle sue bellezze in attesa dell&#8217;arrivo dei partecipanti. Tutte le escursioni sono gratuite e non presentano alcuna difficolt\u00e0, ma con obbligo di prenotazione. Intanto prosegue la corsa alle iscrizioni per la gara dell&#8217;Imperticata che ha gi\u00e0 superato la soglia dei 300 partecipanti, annunciandosi anche quest&#8217;anno come una delle gare pi\u00f9 popolate di bikers del circuito del Trofeo dei Parchi.<\/p>\n","protected":false},"excerpt":{"rendered":"<p>Intanto prosegue la corsa alle iscrizioni per la gara dell&#8217;imperticata che ha gi\u00e0 superato la soglia dei 300 partecipanti<\/p>\n","protected":false},"author":48,"featured_media":110125,"comment_status":"closed","ping_status":"open","sticky":false,"template":"","format":"standard","meta":{"_acf_changed":false,"footnotes":"","jetpack_publicize_message":"","jetpack_publicize_feature_enabled":true,"jetpack_social_post_already_shared":false,"jetpack_social_options":{"image_generator_settings":{"template":"highway","default_image_id":0,"font":"","enabled":false},"version":2}},"categories":[28],"tags":[],"class_list":["post-110124","post","type-post","status-publish","format-standard","has-post-thumbnail","hentry","category-provincia"],"acf":[],"jetpack_publicize_connections":[],"_links":{"self":[{"href":"https:\/\/quicosenza.it\/news\/wp-json\/wp\/v2\/posts\/110124","targetHints":{"allow":["GET"]}}],"collection":[{"href":"https:\/\/quicosenza.it\/news\/wp-json\/wp\/v2\/posts"}],"about":[{"href":"https:\/\/quicosenza.it\/news\/wp-json\/wp\/v2\/types\/post"}],"author":[{"embeddable":true,"href":"https:\/\/quicosenza.it\/news\/wp-json\/wp\/v2\/users\/48"}],"replies":[{"embeddable":true,"href":"https:\/\/quicosenza.it\/news\/wp-json\/wp\/v2\/comments?post=110124"}],"version-history":[{"count":0,"href":"https:\/\/quicosenza.it\/news\/wp-json\/wp\/v2\/posts\/110124\/revisions"}],"wp:featuredmedia":[{"embeddable":true,"href":"https:\/\/quicosenza.it\/news\/wp-json\/wp\/v2\/media\/110125"}],"wp:attachment":[{"href":"https:\/\/quicosenza.it\/news\/wp-json\/wp\/v2\/media?parent=110124"}],"wp:term":[{"taxonomy":"category","embeddable":true,"href":"https:\/\/quicosenza.it\/news\/wp-json\/wp\/v2\/categories?post=110124"},{"taxonomy":"post_tag","embeddable":true,"href":"https:\/\/quicosenza.it\/news\/wp-json\/wp\/v2\/tags?post=110124"}],"curies":[{"name":"wp","href":"https:\/\/api.w.org\/{rel}","templated":true}]}}