{"id":115871,"date":"2019-09-14T13:24:34","date_gmt":"2019-09-14T11:24:34","guid":{"rendered":"https:\/\/www.quicosenza.it\/news\/senza-categoria\/fondi-fusione-si-batte-cassa\/"},"modified":"2023-01-16T18:34:14","modified_gmt":"2023-01-16T17:34:14","slug":"312427-fondi-fusione-si-batte-cassa","status":"publish","type":"post","link":"https:\/\/quicosenza.it\/news\/312427-fondi-fusione-si-batte-cassa\/","title":{"rendered":"Fondi fusione, si batte cassa"},"content":{"rendered":"<h4>Appello congiunto\u00a0 di Gianluca Callipo Presidente di Anci Calabria e Flavio Stasi Sindaco di Corigliano-Rossano<\/h4>\n<p><!--more--><\/p>\n<p>&nbsp;<\/p>\n<p>&nbsp;<\/p>\n<p>CORIGLIANO ROSSANO- Il fondo per le fusioni va rimpinguato.\u00a0 Non si pu\u00f2 tergiversare oltre. &#8220;Il Governo Nazionale individui con urgenza i circa 31 milioni di euro necessari a rimpinguare, gi\u00e0 per il 2019 in corso, il fondo per i comuni che hanno scelto ed attuato la fusione. La diminuzione di queste risorse equivale ad ipotecare, anche e soprattutto in Calabria, il sostegno importante a questi processi che sono invece virtuosi e da incoraggiare&#8221;<\/p>\n<p>\u00c8 quanto dichiarano, congiuntamente, Gianluca Callipo Presidente di Anci Calabria e\u00a0 Flavio Stasi, Sindaco di Corigliano-Rossano, chiedendo che &#8220;venga riavviato il confronto sulla questione aperta e ripristinato, senza rinvii, gi\u00e0 in questo anno, quanto previsto dalla legge sulle fusioni&#8221;.<\/p>\n<p><strong>Perch\u00e9 questo gap nella ripartizione delle risorse\u2013 scandiscono\u2013 a tutto e solo svantaggio di quelle autonomie locali che hanno scelto ed avviato un percorso virtuoso di unificazione burocratica ed istituzionale, non venga percepito come un passo indietro dello Stato, \u00e8 necessario \u2013 continuano \u2013 che il nuovo Governo non perda adesso un attimo nella individuazione della soluzione, incrementando il fabbisogno rappresentato dal maggior numero dei comuni fusi.<\/strong><\/p>\n<p>Una soluzione urgente che \u2013 aggiungono il Presidente Anci Calabria ed il Primo Cittadino di Corigliano-Rossano \u2013 cos\u00ec come \u00e8 stato gi\u00e0 ribadito nei mesi scorsi anche in Anci nazionale va trovata e condivisa subito, pena la messa a rischio delle esperienze positive avviatesi in tanti territori del Paese con gravi ripercussioni su spese ed investimenti gi\u00e0 pianificati.<\/p>\n<p>Come \u00e8 stato gi\u00e0 chiarito \u2013 concludono Callipo e Stasi \u2013 la soluzione auspicata, finalizzata a sostenere convintamente e nei fatti questa strada virtuosa per le autonomie locali, non soltanto non \u00e8 impossibile ma risulterebbe ancor di pi\u00f9 percorribile considerando che nei prossimi anni si andr\u00e0 incontro ad un fisiologico turnover tra i primi comuni fusisi che saranno in uscita dalla fascia e dai termini previsti per il beneficio finanziario rispetto a quelli che invece che vi entreranno o che vi sono entrati da poco perch\u00e9 di recente fusione, come ad esempio CORIGLIANO-ROSSANO.<\/p>\n","protected":false},"excerpt":{"rendered":"<p>Appello congiunto\u00a0 di Gianluca Callipo Presidente di Anci Calabria e Flavio Stasi Sindaco di Corigliano-Rossano<\/p>\n","protected":false},"author":51,"featured_media":115872,"comment_status":"closed","ping_status":"open","sticky":false,"template":"","format":"standard","meta":{"_acf_changed":false,"footnotes":"","jetpack_publicize_message":"","jetpack_publicize_feature_enabled":true,"jetpack_social_post_already_shared":false,"jetpack_social_options":{"image_generator_settings":{"template":"highway","default_image_id":0,"font":"","enabled":false},"version":2}},"categories":[572,28],"tags":[],"class_list":["post-115871","post","type-post","status-publish","format-standard","has-post-thumbnail","hentry","category-ionio","category-provincia"],"acf":[],"jetpack_publicize_connections":[],"_links":{"self":[{"href":"https:\/\/quicosenza.it\/news\/wp-json\/wp\/v2\/posts\/115871","targetHints":{"allow":["GET"]}}],"collection":[{"href":"https:\/\/quicosenza.it\/news\/wp-json\/wp\/v2\/posts"}],"about":[{"href":"https:\/\/quicosenza.it\/news\/wp-json\/wp\/v2\/types\/post"}],"author":[{"embeddable":true,"href":"https:\/\/quicosenza.it\/news\/wp-json\/wp\/v2\/users\/51"}],"replies":[{"embeddable":true,"href":"https:\/\/quicosenza.it\/news\/wp-json\/wp\/v2\/comments?post=115871"}],"version-history":[{"count":0,"href":"https:\/\/quicosenza.it\/news\/wp-json\/wp\/v2\/posts\/115871\/revisions"}],"wp:featuredmedia":[{"embeddable":true,"href":"https:\/\/quicosenza.it\/news\/wp-json\/wp\/v2\/media\/115872"}],"wp:attachment":[{"href":"https:\/\/quicosenza.it\/news\/wp-json\/wp\/v2\/media?parent=115871"}],"wp:term":[{"taxonomy":"category","embeddable":true,"href":"https:\/\/quicosenza.it\/news\/wp-json\/wp\/v2\/categories?post=115871"},{"taxonomy":"post_tag","embeddable":true,"href":"https:\/\/quicosenza.it\/news\/wp-json\/wp\/v2\/tags?post=115871"}],"curies":[{"name":"wp","href":"https:\/\/api.w.org\/{rel}","templated":true}]}}