{"id":116517,"date":"2019-09-25T15:45:40","date_gmt":"2019-09-25T13:45:40","guid":{"rendered":"https:\/\/www.quicosenza.it\/news\/senza-categoria\/inaugurato-il-fata-museum-un-nuovo-museo-scientifico-in-calabria\/"},"modified":"2023-01-16T18:34:57","modified_gmt":"2023-01-16T17:34:57","slug":"314797-inaugurato-il-fata-museum-un-nuovo-museo-scientifico-in-calabria","status":"publish","type":"post","link":"https:\/\/quicosenza.it\/news\/314797-inaugurato-il-fata-museum-un-nuovo-museo-scientifico-in-calabria\/","title":{"rendered":"Inaugurato il Fata Museum: un nuovo museo scientifico in Calabria"},"content":{"rendered":"<h4>Una valenza strategica per lo sviluppo turistico locale. Taglio del nastro alla presenza del presidente della Regione Calabria Mario Oliverio<\/h4>\n<p><!--more--><\/p>\n<p>&nbsp;<\/p>\n<p>CATANZARO &#8211; Con una superficie di 2.500 mq che si sviluppano su due piani, \u00e8 stato inaugurato questa mattina a Taverna, nel cuore della Sila catanzarese, il \u201c<strong>FATA MUSEUM\u201d, un nuovo museo scientifico<\/strong> immerso in un\u2019area naturale di oltre 80 ettari limitrofa al Lago del Passante, situata in Localit\u00e0 Carbonello.\u00a0 Il nome &#8220;Fata&#8221; non nasce a caso ma \u00e8 l&#8217;acronimo dei quattro elementi della natura: fuoco, acqua, terra e aria, e si rif\u00e0 al progetto de \u201cLa citt\u00e0 delle scienze ambientali\u201d. L&#8217;idea della nascita della nuova struttura culturale \u00e8 il frutto di una grande sinergia che ha visto protagonisti la Regione Calabria, la Provincia di Catanzaro, il Comune di Taverna, con il coordinamento scientifico del Cnr ed ha un\u2019importante valenza strategica per lo sviluppo turistico locale.<\/p>\n<p>\u201cQuesta importante struttura scientifica \u2013 ha detto il Presidente Oliverio nel corso del suo breve intervento di saluto- ben si colloca nel disegno di <strong>valorizzazione e recupero delle aree interne della nostra regione<\/strong>. Qui siamo in un\u2019area bellissima della Sila. La Sila cresce, se cresce insieme, anche attraverso iniziative come questa che possono contribuire a bloccare il processo di spopolamento dello stesso altopiano silano e di tantissimi piccoli comuni che da decenni sono stati abbandonati a se stessi. Quello che inauguriamo oggi \u00e8, quindi,\u00a0 un altro tassello di un progetto pi\u00f9 grande che guarda con grande attenzione al ripopolamento delle nostre aree interne&#8221;.<\/p>\n<p>Alla presenza delle autorit\u00e0 e dei numerosi cittadini presenti, il Presidente Oliverio ha poi aggiunto &#8220;abbiamo lavorato molto e stiamo lavorando intensamente perch\u00e9 nella<strong> nuova Programmazione Comunitaria 2021-2027 l\u2019Unione Europea assuma una forte linea di intervento volto a contrastare lo spopolamento delle aree interne<\/strong>. Non \u00e8 facile, ma dobbiamo provarci, siamo obbligati a provarci, ma per sbloccare il processo di svuotamento e spoliazione delle nostre realt\u00e0 di montagna occorre una cura da cavallo, evitando assolutamente tentazioni assistenziali. L\u2019assistenzialismo \u00e8 stato il nemico pi\u00f9 acerrimo del Sud e delle nostre aree interne. La cura deve basarsi sul sostegno e la valorizzazione di attivit\u00e0 produttive, di servizi che riqualificano il territorio, di nuove e innovative attivit\u00e0 turistiche, di nuovi insediamenti scientifici e culturali come questo&#8221;.<\/p>\n<p>&nbsp;<\/p>\n<p><img loading=\"lazy\" decoding=\"async\" class=\"wp-image-314802 aligncenter\" src=\"https:\/\/quicosenza.it\/news\/wp-content\/uploads\/2019\/09\/taglio-nastro.jpg\" alt=\"\" width=\"554\" height=\"370\" title=\"\"><\/p>\n<p>Sul lavoro svolo fino ad oggi ha dichiarato:&#8221;in questi anni noi abbiamo lavorato sodo in questa direzione. Per quanto riguarda il turismo abbiamo puntato su due direttrici:\u00a0 <strong>rendere pi\u00f9 accessibile la nostra regione avvicinandola al Paese e all\u2019Europa ed investendo sui collegamenti aeroportuali<\/strong> che dagli 8 del 2014 sono passati agli oltre 60 di oggi e tentando di allargare la stagione turistica anche agli altri mesi dell\u2019anno che non siano solo quelli estivi. Abbiamo investito risorse cospicue sui beni culturali, sui borghi, sulla valorizzazione delle nostre identit\u00e0 e delle peculiarit\u00e0 enogastronomiche dei nostri territori. Oggi cominciano ad arrivare i primi risultati\u201d.<\/p>\n<p>\u201cIl futuro -ha concluso il Presidente della Regione- non si costruisce con la bacchetta magica che nessuno possiede, ma giorno dopo giorno, con fatica e impegno, attraverso un percorso, in una visione complessiva capace di guardare allo sviluppo e alla crescita armoniosa della nostra regione sganciata dai particolarismi,\u00a0 localismi e campanilismi che tanti danni hanno causato alla nostra terra\u201d.<\/p>\n<p>&nbsp;<\/p>\n<p><img loading=\"lazy\" decoding=\"async\" class=\"wp-image-314809 aligncenter\" src=\"https:\/\/quicosenza.it\/news\/wp-content\/uploads\/2019\/09\/interno-museo-4.jpg\" alt=\"\" width=\"533\" height=\"356\" title=\"\"><\/p>\n<h4>Calabria Science Park nella citt\u00e0 di Mattia Preti<\/h4>\n<p><strong>La citt\u00e0 di Taverna, che ha dato i natali al grande Mattia Preti<\/strong>,\u00a0 grazie a questa nuova e importante struttura scientifica, sar\u00e0 conosciuta oltre che come citt\u00e0 dell\u2019arte, anche come citt\u00e0 della scienza e ci\u00f2 offrir\u00e0 ottime opportunit\u00e0 di rilancio economico a tutto il comprensorio. Il museo, infatti, ha un\u2019altissima valenza scientifica, divulgativa e ambientale. All&#8217;interno dei suoi padiglioni si svolgeranno tutte le attivit\u00e0 didattico-scientifiche che, supportate da un sistema innovativo multimediale e tridimensionale, stimoleranno il visitatore a vivere un\u2019esperienza mai fatta prima.<\/p>\n<p>\u201cLa Citt\u00e0 delle scienze ambientali\u201d recupera e riqualifica, inoltre, <strong>un\u2019area nel Parco Nazionale della Sila<\/strong> rimasta a lungo inutilizzata. Il sito nel quale sorge \u00e8 di rilevanza europea e, secondo alcune ricerche internazionali, risulta essere il posto in cui <strong>c\u2019\u00e8 l\u2019aria pi\u00f9 pulita di Europa<\/strong>. Questa mattina il &#8220;Fata Museum&#8221; ha ospitato 15 Tour Operator internazionali, presenti alla Borsa Internazionale del Turismo in corso a Catanzaro, per presentare i diversi pacchetti turistici rivolti alle scuole di ogni ordine e grado e ad un turismo internazionale dedicato ai \u201cSummer Camp\u201d e agli eventi sportivi e culturali.<\/p>\n<p>&nbsp;<\/p>\n","protected":false},"excerpt":{"rendered":"<p>Una valenza strategica per lo sviluppo turistico locale. Taglio del nastro alla presenza del presidente della Regione Calabria Mario Oliverio<\/p>\n","protected":false},"author":52,"featured_media":116518,"comment_status":"closed","ping_status":"open","sticky":false,"template":"","format":"standard","meta":{"_acf_changed":false,"footnotes":"","jetpack_publicize_message":"","jetpack_publicize_feature_enabled":true,"jetpack_social_post_already_shared":false,"jetpack_social_options":{"image_generator_settings":{"template":"highway","default_image_id":0,"font":"","enabled":false},"version":2}},"categories":[17],"tags":[],"class_list":["post-116517","post","type-post","status-publish","format-standard","has-post-thumbnail","hentry","category-calabria"],"acf":[],"jetpack_publicize_connections":[],"_links":{"self":[{"href":"https:\/\/quicosenza.it\/news\/wp-json\/wp\/v2\/posts\/116517","targetHints":{"allow":["GET"]}}],"collection":[{"href":"https:\/\/quicosenza.it\/news\/wp-json\/wp\/v2\/posts"}],"about":[{"href":"https:\/\/quicosenza.it\/news\/wp-json\/wp\/v2\/types\/post"}],"author":[{"embeddable":true,"href":"https:\/\/quicosenza.it\/news\/wp-json\/wp\/v2\/users\/52"}],"replies":[{"embeddable":true,"href":"https:\/\/quicosenza.it\/news\/wp-json\/wp\/v2\/comments?post=116517"}],"version-history":[{"count":0,"href":"https:\/\/quicosenza.it\/news\/wp-json\/wp\/v2\/posts\/116517\/revisions"}],"wp:featuredmedia":[{"embeddable":true,"href":"https:\/\/quicosenza.it\/news\/wp-json\/wp\/v2\/media\/116518"}],"wp:attachment":[{"href":"https:\/\/quicosenza.it\/news\/wp-json\/wp\/v2\/media?parent=116517"}],"wp:term":[{"taxonomy":"category","embeddable":true,"href":"https:\/\/quicosenza.it\/news\/wp-json\/wp\/v2\/categories?post=116517"},{"taxonomy":"post_tag","embeddable":true,"href":"https:\/\/quicosenza.it\/news\/wp-json\/wp\/v2\/tags?post=116517"}],"curies":[{"name":"wp","href":"https:\/\/api.w.org\/{rel}","templated":true}]}}