{"id":116585,"date":"2019-09-26T16:09:53","date_gmt":"2019-09-26T14:09:53","guid":{"rendered":"https:\/\/www.quicosenza.it\/news\/senza-categoria\/sanita-al-collasso-in-calabria-guerra-tra-poveri-per-le-assunzioni\/"},"modified":"2023-01-16T18:35:01","modified_gmt":"2023-01-16T17:35:01","slug":"314980-sanita-al-collasso-in-calabria-guerra-tra-poveri-per-le-assunzioni","status":"publish","type":"post","link":"https:\/\/quicosenza.it\/news\/314980-sanita-al-collasso-in-calabria-guerra-tra-poveri-per-le-assunzioni\/","title":{"rendered":"Sanit\u00e0 al collasso in Calabria, guerra tra poveri per le assunzioni"},"content":{"rendered":"<h4>Proposta al Ministero della Salute l&#8217;assunzione di medici privi di diploma di specializzazione<\/h4>\n<p><!--more--><\/p>\n<p>&nbsp;<\/p>\n<p>CATANZARO &#8211; Riflettori accesi sull&#8217;emergenza sanitaria in Calabria. &#8220;Lo stato della sanit\u00e0 calabrese al centro dei lavori odierni della terza Commissione &#8216;Sanit\u00e0, Attivit\u00e0 sociali, culturali e formative&#8217; del Consiglio regionale, presieduta dal consigliere Michele Mirabello&#8221;. Lo riferisce un comunicato dell&#8217;ufficio stampa del Consiglio regionale. &#8220;Abbiamo sentito il bisogno &#8211; ha affermato il presidente Mirabello in apertura di seduta &#8211; di dedicare una seduta su questa materia approfondendo alcuni aspetti di particolare importanza e attualit\u00e0 come lo <strong>sblocco del turn over; il precariato e la necessit\u00e0 di immettere nuove energie e professionalit\u00e0 nei presidi calabresi<\/strong>. Contiamo, attraverso i contributi di chi vive e si confronta costantemente con le problematiche della sanit\u00e0 calabrese, di avere un quadro il pi\u00f9 aggiornato possibile in modo da potere avviare un percorso proficuo di discussione e di confronto su quanto potr\u00e0 essere fatto nel breve periodo&#8221;.<\/p>\n<p>&nbsp;<\/p>\n<p>&nbsp;<\/p>\n<p>Rispondendo ai vertici delle Aziende ospedaliere e sanitarie calabresi che sono in audizione nella seduta odierna, il Commissario ad Acta per l&#8217;attuazione del Piano di Rientro del Settore sanitario della Regione Calabria, Saverio Cotticelli, ha messo un punto fermo sul precariato calabrese. &#8220;<strong>\u00c9 una guerra tra poveri &#8211; ha sostenuto &#8211; ed una domanda si impone: perch\u00e9 sono stati fatti concorsi, senza stabilizzare?<\/strong> Il problema dei precari va affrontato alla radice, dando ai nostri giovani certezze e stabilit\u00e0 per il futuro. Bisogna gettare la maschera, essere concreti e dire la verit\u00e0. Pur soffrendo per le conseguenze umane, la legge \u00e8 invalicabile. Abbiamo fatto il fabbisogno che trasmetter\u00f2 al Tavolo che mi ha vietato di fare assunzioni perch\u00e9 le 500 posizioni rappresentano un numero che purtroppo non \u00e8 stato assorbito dai pensionamenti, come invece speravamo&#8221;. Durante la seduta il Commissario Cotticelli ha formalmente assunto l&#8217;impegno ad autorizzare l&#8217;immediata assunzione dei 65 operatori socio-sanitari in graduatoria nell&#8217;Asp di Vivo Valentia.<\/p>\n<p>&nbsp;<\/p>\n<h2>MEDICI NON SPECIALIZZATI<\/h2>\n<p>Per superare &#8220;l&#8217;attuale situazione di carenza&#8221; di medici le Regioni propongono di consentire l&#8217;<strong>accesso al Sistema sanitario nazionale anche di medici privi di diploma di specializzazione<\/strong>, garantendo loro tuttavia &#8220;di conseguire un titolo di specializzazione&#8221;. Il testo \u00e8 parte integrante di una serie di proposte approvate oggi dalla Conferenza delle Regioni che saranno inviate nelle prossime ore al ministro della Sanit\u00e0 Roberto Speranza, con la richiesta che venga recepita dal governo nel primo provvedimento urgente&#8221;.<\/p>\n","protected":false},"excerpt":{"rendered":"<p>Proposta al Ministero della Salute l&#8217;assunzione di medici privi di diploma di specializzazione<\/p>\n","protected":false},"author":43,"featured_media":116586,"comment_status":"closed","ping_status":"open","sticky":false,"template":"","format":"standard","meta":{"_acf_changed":false,"footnotes":"","jetpack_publicize_message":"","jetpack_publicize_feature_enabled":true,"jetpack_social_post_already_shared":false,"jetpack_social_options":{"image_generator_settings":{"template":"highway","default_image_id":0,"font":"","enabled":false},"version":2}},"categories":[17],"tags":[538],"class_list":["post-116585","post","type-post","status-publish","format-standard","has-post-thumbnail","hentry","category-calabria","tag-sanita"],"acf":[],"jetpack_publicize_connections":[],"_links":{"self":[{"href":"https:\/\/quicosenza.it\/news\/wp-json\/wp\/v2\/posts\/116585","targetHints":{"allow":["GET"]}}],"collection":[{"href":"https:\/\/quicosenza.it\/news\/wp-json\/wp\/v2\/posts"}],"about":[{"href":"https:\/\/quicosenza.it\/news\/wp-json\/wp\/v2\/types\/post"}],"author":[{"embeddable":true,"href":"https:\/\/quicosenza.it\/news\/wp-json\/wp\/v2\/users\/43"}],"replies":[{"embeddable":true,"href":"https:\/\/quicosenza.it\/news\/wp-json\/wp\/v2\/comments?post=116585"}],"version-history":[{"count":0,"href":"https:\/\/quicosenza.it\/news\/wp-json\/wp\/v2\/posts\/116585\/revisions"}],"wp:featuredmedia":[{"embeddable":true,"href":"https:\/\/quicosenza.it\/news\/wp-json\/wp\/v2\/media\/116586"}],"wp:attachment":[{"href":"https:\/\/quicosenza.it\/news\/wp-json\/wp\/v2\/media?parent=116585"}],"wp:term":[{"taxonomy":"category","embeddable":true,"href":"https:\/\/quicosenza.it\/news\/wp-json\/wp\/v2\/categories?post=116585"},{"taxonomy":"post_tag","embeddable":true,"href":"https:\/\/quicosenza.it\/news\/wp-json\/wp\/v2\/tags?post=116585"}],"curies":[{"name":"wp","href":"https:\/\/api.w.org\/{rel}","templated":true}]}}