{"id":117314,"date":"2019-10-09T14:15:56","date_gmt":"2019-10-09T12:15:56","guid":{"rendered":"https:\/\/www.quicosenza.it\/news\/senza-categoria\/accoglienza-per-gli-amici-a-quattro-zampe-di-corigliano-rossano\/"},"modified":"2023-01-16T18:35:52","modified_gmt":"2023-01-16T17:35:52","slug":"317560-accoglienza-per-gli-amici-a-quattro-zampe-di-corigliano-rossano","status":"publish","type":"post","link":"https:\/\/quicosenza.it\/news\/317560-accoglienza-per-gli-amici-a-quattro-zampe-di-corigliano-rossano\/","title":{"rendered":"Accoglienza per gli amici a quattro zampe di Corigliano-Rossano"},"content":{"rendered":"<h4 dir=\"ltr\">L&#8217;integrazione dei cani nella comunit\u00e0, come strumento di contrasto al fenomeno del randagismo<!--more--><\/h4>\n<p dir=\"ltr\">Canile-rifugio di contrada Foresta, la struttura sar\u00e0 migliorata, sia per assicurare maggiore benessere agli animali ospiti, sia per renderla pi\u00f9 accessibile ai cittadini. Sar\u00e0 un luogo da frequentare. Per promuovere l\u2019integrazione degli amici a quattro zampe nella comunit\u00e0, in contrasto con il fenomeno del randagismo.<\/p>\n<p dir=\"ltr\">\u00c8 quanto ha dichiarato il Sindaco Flavio Stasi intervenendo nei giorni scorsi al primo e riuscito open day presso la struttura comunale, promosso in sinergia dall\u2019assessore alla citt\u00e0 della cultura e della solidariet\u00e0 Donatella Novellis, dal consigliere comunale delegato dal Sindaco Liliana Zangaro e dal direttore sanitario della struttura Jole de Falco.<\/p>\n<p dir=\"ltr\"><img loading=\"lazy\" decoding=\"async\" class=\"size-medium wp-image-317563 aligncenter\" src=\"https:\/\/quicosenza.it\/news\/wp-content\/uploads\/2019\/10\/FB_IMG_1570599176455-420x280.jpg\" alt=\"\" width=\"420\" height=\"280\" title=\"\"><\/p>\n<p dir=\"ltr\">Nel rivolgersi alle famiglie la Novellis ha ribadito che l&#8217;adozione di un cane del rifugio, quale luogo di passaggio e di attesa, \u00e8 un gesto d&#8217;amore e di responsabilit\u00e0. La De Falco, direttrice del canile rifugio, si \u00e8 soffermata sul progetto Zero cani in canile, il cui successo non pu\u00f2 che dipendere soprattutto dai cittadini e dalla loro collaborazione. Dal fenomeno dell\u2019abbandono, al passaggio dal canile sanitario al rifugio e all\u2019adozione del cane ha parlato la consigliere Zangaro.<\/p>\n<p dir=\"ltr\"><img loading=\"lazy\" decoding=\"async\" class=\"size-medium wp-image-317564 aligncenter\" src=\"https:\/\/quicosenza.it\/news\/wp-content\/uploads\/2019\/10\/FB_IMG_1570599171202-420x280.jpg\" alt=\"\" width=\"420\" height=\"280\" title=\"\"><\/p>\n<p dir=\"ltr\">Imparare dai bambini ad amare gli animali. \u00c8, questo, il messaggio che chi ha partecipato all\u2019evento ha portato con s\u00e9 a conclusione di quella che \u00e8 stata un\u2019autentica festa. Bimbi e adulti hanno potuto visitare la struttura, interagire con gli ospiti e ascoltare i consigli dell&#8217;educatore cinofilo Giuseppe Salerno che ha guidato i piccoli amanti degli animali nel mini corso di gestione base dei cani. A partire dal fare indossare loro guinzaglio, pettorina e collare.<\/p>\n<p dir=\"ltr\">All\u2019iniziative era presente anche una rappresentanza dei volontari del territorio che si sono complimentati con l\u2019Amministrazione Comunale per aver promosso questa prima e storica apertura del canile alla cittadinanza. L\u2019iniziativa si \u00e8 avvalsa della collaborazione dell\u2019associazione fotografica Luce che ha immortalato la complicit\u00e0 di sguardi tra pelosi e bambini.<\/p>\n","protected":false},"excerpt":{"rendered":"<p>L&#8217;integrazione dei cani nella comunit\u00e0, come strumento di contrasto al fenomeno del randagismo<\/p>\n","protected":false},"author":51,"featured_media":117315,"comment_status":"closed","ping_status":"open","sticky":false,"template":"","format":"standard","meta":{"_acf_changed":false,"footnotes":"","jetpack_publicize_message":"","jetpack_publicize_feature_enabled":true,"jetpack_social_post_already_shared":false,"jetpack_social_options":{"image_generator_settings":{"template":"highway","default_image_id":0,"font":"","enabled":false},"version":2}},"categories":[572,28],"tags":[],"class_list":["post-117314","post","type-post","status-publish","format-standard","has-post-thumbnail","hentry","category-ionio","category-provincia"],"acf":[],"jetpack_publicize_connections":[],"_links":{"self":[{"href":"https:\/\/quicosenza.it\/news\/wp-json\/wp\/v2\/posts\/117314","targetHints":{"allow":["GET"]}}],"collection":[{"href":"https:\/\/quicosenza.it\/news\/wp-json\/wp\/v2\/posts"}],"about":[{"href":"https:\/\/quicosenza.it\/news\/wp-json\/wp\/v2\/types\/post"}],"author":[{"embeddable":true,"href":"https:\/\/quicosenza.it\/news\/wp-json\/wp\/v2\/users\/51"}],"replies":[{"embeddable":true,"href":"https:\/\/quicosenza.it\/news\/wp-json\/wp\/v2\/comments?post=117314"}],"version-history":[{"count":0,"href":"https:\/\/quicosenza.it\/news\/wp-json\/wp\/v2\/posts\/117314\/revisions"}],"wp:featuredmedia":[{"embeddable":true,"href":"https:\/\/quicosenza.it\/news\/wp-json\/wp\/v2\/media\/117315"}],"wp:attachment":[{"href":"https:\/\/quicosenza.it\/news\/wp-json\/wp\/v2\/media?parent=117314"}],"wp:term":[{"taxonomy":"category","embeddable":true,"href":"https:\/\/quicosenza.it\/news\/wp-json\/wp\/v2\/categories?post=117314"},{"taxonomy":"post_tag","embeddable":true,"href":"https:\/\/quicosenza.it\/news\/wp-json\/wp\/v2\/tags?post=117314"}],"curies":[{"name":"wp","href":"https:\/\/api.w.org\/{rel}","templated":true}]}}