{"id":118191,"date":"2019-10-22T18:23:14","date_gmt":"2019-10-22T16:23:14","guid":{"rendered":"https:\/\/www.quicosenza.it\/news\/senza-categoria\/il-sindaco-di-corigliano-rossano-a-muso-duro-contro-i-vertici-della-sanita\/"},"modified":"2023-01-16T18:36:54","modified_gmt":"2023-01-16T17:36:54","slug":"320453-il-sindaco-di-corigliano-rossano-a-muso-duro-contro-i-vertici-della-sanita","status":"publish","type":"post","link":"https:\/\/quicosenza.it\/news\/320453-il-sindaco-di-corigliano-rossano-a-muso-duro-contro-i-vertici-della-sanita\/","title":{"rendered":"Il sindaco di Corigliano-Rossano a muso duro contro i vertici della sanit\u00e0"},"content":{"rendered":"<h4>A proposito dell&#8217;Ospedale di Corigliano &#8220;si individuino immediatamente, cos\u00ec come gi\u00e0 garantito formalmente qualche giorno fa, le misure per superare le criticit\u00e0 dei reparti in sofferenza&#8221;<\/h4>\n<p><!--more--><\/p>\n<p>&nbsp;<\/p>\n<p>&nbsp;<\/p>\n<p>&nbsp;<\/p>\n<p>CORIGLIANO-ROSSANO Lo aveva detto. La corda si era spezzata.<\/p>\n<p>E lo strappo sembra definitivo. Netto. Il Sindaco di Corigliano-Rossano, Flavio Stasi, lo conferma. Con una dichiarazione che ha tutto l&#8217;aspetto di essere un appello alla citt\u00e0.<\/p>\n<p><img loading=\"lazy\" decoding=\"async\" class=\"size-medium wp-image-319921 aligncenter\" src=\"https:\/\/quicosenza.it\/news\/wp-content\/uploads\/2019\/10\/FLAVIOSTASI-FASCIA-280x280.png\" alt=\"\" width=\"280\" height=\"280\" title=\"\"><\/p>\n<p>&#8220;<strong>Forse qualcuno avr\u00e0 pensato che, passata la nottata, sarebbe tutto finito. Non \u00e8 cos\u00ec. Non ci giungono voci di effettivo rafforzamento del personale medico nell&#8217;ambito dello Spoke Corigliano-Rossano, quindi non ci risultano superate le criticit\u00e0 che, nella scorsa settimana, avevano causato la sospensione dei ricoveri nel reparto di Pediatria e, conseguentemente, di Ginecologia-Ostetricia.<\/strong><\/p>\n<p>L&#8217;immobilismo dell&#8217;Ufficio del Commissario e della Dirigenza dell&#8217;Azienda Sanitaria nel reclutamento e riorganizzazione del personale medico non \u00e8 pi\u00f9 tollerabile.<\/p>\n<p>Lo Spoke Corigliano-Rossano \u00e8 l&#8217;unico punto di riferimento di un&#8217;intera fascia dal sistema sanitario a brandelli, sul quale convergono giornalmente migliaia di pazienti. Trovo semplicemente vergognoso che si costringano i dirigenti delle Unit\u00e0 Operative ad elemosinare personale medico per garantire i servizi minimi. Trovo vergognoso che per mesi le dirigenze degli enti superiori della Sanit\u00e0 abbiano colpevolmente ignorato le numerose comunicazioni formali provenienti da reparti ormai allo stremo, che riescono a malapena a fornire assistenza essenziale soltanto grazie a turni insostenibili&#8221;.<\/p>\n<p>Parole nette che hanno lo stesso suono della corda che si spezza fragorosamente. Il primo cittadino promette che non assister\u00e0 in silenzio a quello che non esita a definire l&#8217;uccisione del diritto alla salute.<\/p>\n<p>L&#8217;invito diventa perentorio. &#8220;Si individuino immediatamente, cos\u00ec come gi\u00e0 garantito formalmente qualche giorno fa, le misure per superare le criticit\u00e0 dei reparti in sofferenza.<\/p>\n<p>Senza tali provvedimenti, \u00e8 evidente come vengano meno le condizioni minimali per un rapporto istituzionale sano e corretto, e non potremo fare altro che prenderne atto e regolarci di conseguenza&#8221;.<\/p>\n<p>&nbsp;<\/p>\n","protected":false},"excerpt":{"rendered":"<p>A proposito dell&#8217;Ospedale di Corigliano &#8220;si individuino immediatamente, cos\u00ec come gi\u00e0 garantito formalmente qualche giorno fa, le misure per superare le criticit\u00e0 dei reparti in sofferenza&#8221;<\/p>\n","protected":false},"author":51,"featured_media":118192,"comment_status":"closed","ping_status":"open","sticky":false,"template":"","format":"standard","meta":{"_acf_changed":false,"footnotes":"","jetpack_publicize_message":"","jetpack_publicize_feature_enabled":true,"jetpack_social_post_already_shared":false,"jetpack_social_options":{"image_generator_settings":{"template":"highway","default_image_id":0,"font":"","enabled":false},"version":2}},"categories":[572,28],"tags":[],"class_list":["post-118191","post","type-post","status-publish","format-standard","has-post-thumbnail","hentry","category-ionio","category-provincia"],"acf":[],"jetpack_publicize_connections":[],"_links":{"self":[{"href":"https:\/\/quicosenza.it\/news\/wp-json\/wp\/v2\/posts\/118191","targetHints":{"allow":["GET"]}}],"collection":[{"href":"https:\/\/quicosenza.it\/news\/wp-json\/wp\/v2\/posts"}],"about":[{"href":"https:\/\/quicosenza.it\/news\/wp-json\/wp\/v2\/types\/post"}],"author":[{"embeddable":true,"href":"https:\/\/quicosenza.it\/news\/wp-json\/wp\/v2\/users\/51"}],"replies":[{"embeddable":true,"href":"https:\/\/quicosenza.it\/news\/wp-json\/wp\/v2\/comments?post=118191"}],"version-history":[{"count":0,"href":"https:\/\/quicosenza.it\/news\/wp-json\/wp\/v2\/posts\/118191\/revisions"}],"wp:featuredmedia":[{"embeddable":true,"href":"https:\/\/quicosenza.it\/news\/wp-json\/wp\/v2\/media\/118192"}],"wp:attachment":[{"href":"https:\/\/quicosenza.it\/news\/wp-json\/wp\/v2\/media?parent=118191"}],"wp:term":[{"taxonomy":"category","embeddable":true,"href":"https:\/\/quicosenza.it\/news\/wp-json\/wp\/v2\/categories?post=118191"},{"taxonomy":"post_tag","embeddable":true,"href":"https:\/\/quicosenza.it\/news\/wp-json\/wp\/v2\/tags?post=118191"}],"curies":[{"name":"wp","href":"https:\/\/api.w.org\/{rel}","templated":true}]}}