{"id":140996,"date":"2020-11-27T09:53:50","date_gmt":"2020-11-27T08:53:50","guid":{"rendered":"https:\/\/www.quicosenza.it\/news\/senza-categoria\/ex-assessore-di-parma-solidarizza-con-tallini-contro-di-lui-le-mie-stesse-accuse\/"},"modified":"2023-01-16T18:11:24","modified_gmt":"2023-01-16T17:11:24","slug":"383281-ex-assessore-di-parma-solidarizza-con-tallini-contro-di-lui-le-mie-stesse-accuse","status":"publish","type":"post","link":"https:\/\/quicosenza.it\/news\/383281-ex-assessore-di-parma-solidarizza-con-tallini-contro-di-lui-le-mie-stesse-accuse\/","title":{"rendered":"Ex assessore di Parma solidarizza con Tallini: &#8220;contro di lui, le mie stesse accuse&#8221;"},"content":{"rendered":"<h4>Giovanni Paolo Bernini vuole donare il suo libro che parla di &#8216;malagiustizia politica&#8217; a Mimmo Tallini, arrestato la settimana scorsa con l&#8217;accusa di essere legato al clan Grande Aracri di Cutro<!--more--><\/h4>\n<p>&nbsp;<\/p>\n<p>BOLOGNA &#8211; <strong>Giovanni Paolo Bernini<\/strong> \u00e8 l&#8217;ex assessore di Parma di Forza Italia, che \u00e8 stato imputato nel processo di &#8216;Ndrangheta &#8216;Aemilia&#8217; in Emilia-Romagna e accusato inizialmente di concorso esterno in associazione mafiosa e di voto di scambio politico-mafioso. Bernini \u00e8 stato poi prosciolto in via definitiva con la dichiarazione di prescrizione del reato di corruzione elettorale &#8216;semplice&#8217;. L&#8217;ex assessore forzista ha voluto esprimere la sua solidariet\u00e0 nei confronti del collega azzurro Domenico Tallini, presidente del consiglio regionale della Calabria manifestando l&#8217;intenzione di regalargli il suo libro intitolato &#8220;Storie di ordinaria ingiustizia&#8221;.<\/p>\n<p>&#8220;Un <strong>piccolo dono per condividere insieme un momento di amarezza e sconcerto che ho gi\u00e0 vissuto &#8211; ha spiegato<\/strong> Bernini che ha scritto un libro denuncia, dove si dice vittima di malagiustizia politica &#8211; e <strong>anche se non lo conosco personalmente<\/strong> &#8211; riferendosi a Tallini &#8211; \u00e8 <strong>come fosse mio fratello<\/strong> perch\u00e9 nei suoi confronti sono state rivolte le medesime accuse da me subite. Gli auguro di uscire completamente scagionato dall&#8217;inchiesta. Malgrado la situazione, bisogna sempre credere nella giustizia poich\u00e9 quando si \u00e8 innocente la verit\u00e0 emerge sempre&#8221;.<\/p>\n","protected":false},"excerpt":{"rendered":"<p>Giovanni Paolo Bernini vuole donare il suo libro che parla di &#8216;malagiustizia politica&#8217; a Mimmo Tallini, arrestato la settimana scorsa con l&#8217;accusa di essere legato al clan Grande Aracri di Cutro<\/p>\n","protected":false},"author":42,"featured_media":140997,"comment_status":"closed","ping_status":"open","sticky":false,"template":"","format":"standard","meta":{"_acf_changed":false,"footnotes":"","jetpack_publicize_message":"","jetpack_publicize_feature_enabled":true,"jetpack_social_post_already_shared":false,"jetpack_social_options":{"image_generator_settings":{"template":"highway","default_image_id":0,"font":"","enabled":false},"version":2}},"categories":[17,16],"tags":[],"class_list":["post-140996","post","type-post","status-publish","format-standard","has-post-thumbnail","hentry","category-calabria","category-italia"],"acf":[],"jetpack_publicize_connections":[],"_links":{"self":[{"href":"https:\/\/quicosenza.it\/news\/wp-json\/wp\/v2\/posts\/140996","targetHints":{"allow":["GET"]}}],"collection":[{"href":"https:\/\/quicosenza.it\/news\/wp-json\/wp\/v2\/posts"}],"about":[{"href":"https:\/\/quicosenza.it\/news\/wp-json\/wp\/v2\/types\/post"}],"author":[{"embeddable":true,"href":"https:\/\/quicosenza.it\/news\/wp-json\/wp\/v2\/users\/42"}],"replies":[{"embeddable":true,"href":"https:\/\/quicosenza.it\/news\/wp-json\/wp\/v2\/comments?post=140996"}],"version-history":[{"count":0,"href":"https:\/\/quicosenza.it\/news\/wp-json\/wp\/v2\/posts\/140996\/revisions"}],"wp:featuredmedia":[{"embeddable":true,"href":"https:\/\/quicosenza.it\/news\/wp-json\/wp\/v2\/media\/140997"}],"wp:attachment":[{"href":"https:\/\/quicosenza.it\/news\/wp-json\/wp\/v2\/media?parent=140996"}],"wp:term":[{"taxonomy":"category","embeddable":true,"href":"https:\/\/quicosenza.it\/news\/wp-json\/wp\/v2\/categories?post=140996"},{"taxonomy":"post_tag","embeddable":true,"href":"https:\/\/quicosenza.it\/news\/wp-json\/wp\/v2\/tags?post=140996"}],"curies":[{"name":"wp","href":"https:\/\/api.w.org\/{rel}","templated":true}]}}