{"id":144077,"date":"2021-01-23T12:15:58","date_gmt":"2021-01-23T11:15:58","guid":{"rendered":"https:\/\/www.quicosenza.it\/news\/senza-categoria\/augias-la-calabria-e-irrecuperabile-spirli-non-e-lucido-si-scusi-con-i-calabresi\/"},"modified":"2023-01-16T17:26:38","modified_gmt":"2023-01-16T16:26:38","slug":"391591-augias-la-calabria-e-irrecuperabile-spirli-non-e-lucido-si-scusi-con-i-calabresi","status":"publish","type":"post","link":"https:\/\/quicosenza.it\/news\/391591-augias-la-calabria-e-irrecuperabile-spirli-non-e-lucido-si-scusi-con-i-calabresi\/","title":{"rendered":"Augias &#8220;la Calabria \u00e8 irrecuperabile&#8221;. Spirl\u00ec: &#8220;non \u00e8 lucido, si scusi con i calabresi&#8221;"},"content":{"rendered":"<h4>Il presidente\u00a0 pretende le scuse dopo i duri giudizi sulla regione dati dal giornalista all&#8217;indomani dell&#8217;ultima inchiesta &#8220;Basso profilo&#8221; coordinato dal procuratore Nicola Gratteri<\/h4>\n<p><!--more--><\/p>\n<p>&nbsp;<\/p>\n<p>&nbsp;<\/p>\n<p>&nbsp;<\/p>\n<p>CATANZARO &#8211; &#8220;<strong>La Calabria \u00e8 purtroppo una terra perduta<\/strong>, questa inchiesta e anche il maxi processo in corso, del quale i media non hanno parlato a sufficienza, lo dimostrano&#8221; \u00e8 il giudizio laconico del, ospite della trasmissione \u2018Quante Storie\u2019 su Rai 3, espresso all&#8217;indomani dell&#8217;<span style=\"color: #0000ff;\"><a style=\"color: #0000ff;\" href=\"https:\/\/quicosenza.it\/news\/12137\" target=\"_blank\" rel=\"noopener noreferrer\">inchiesta contro la &#8216;ndrangheta &#8220;Basso profilo&#8221;<\/a><\/span> coordinata dal procuratore Nicola Gratteri<strong>\u00a0giornalista Corrado Augias<\/strong><\/p>\n<p>&#8220;La mia opinione personale vale poco, vale quello che vale, \u00e8 un sentimento, non un\u2019affermazione politica &#8211; ha proseguito Augias nel suo solito tono pacata. &#8211;\u00a0 <strong>Io ho il sentimento che la Calabria sia irrecuperabile<\/strong>. L\u2019ho visto anche in occasione delle ultime elezioni, <strong>avevano un candidato ottimo<\/strong>, un impreditore calabrese forte, che resta l\u00ec nonostante i rischi che corre, che d\u00e0 lavoro: <strong>lo hanno escluso, hanno eletto un\u2019altra persona che sfortunatamente \u00e8 mancata<\/strong>. Detto questo, le inchieste di Gratteri vanno seguite con attenzione. Gratteri \u00e8 calabrese, un altro uomo che \u00e8 voluto restare in Calabria, fa una vita d\u2019inferno, vive con 4 carabinieri intorno\u2026&#8221;.<\/p>\n<h4>Spirl\u00ec: &#8220;Augias si scusi con la Calabria&#8221;<\/h4>\n<p>Le parole di Augias, per\u00f2, piombano in maniera impietosa sulla Calabria e negli uffici del palazzo della Cittadella, rimbombando nelle orecchie del presidente che di tutta risposta pretende le scuse dal giornalista.<\/p>\n<p>&#8220;Ho imparato dalla mia Fede a essere compassionevole con la <strong>gente che soffre, soprattutto di disturbi mentali<\/strong>. Chi offende parte certamente da questa patologia: quando la mente patisce, la lingua aggredisce. <strong>Nemmeno Corrado Augias sfugge all\u2019atroce destino di chi subisce gli assalti di un\u2019et\u00e0 che galoppa<\/strong> e di una mente che arranca. Offendere la Calabria e tutti i calabresi, considerandoli irrecuperabili e fuori regola, significa non essere tanto lucidi da poter constatare quanto questa terra sia uguale, nei comportamenti e nei sentimenti, al resto del creato&#8221;, tuona il presidente della Regione Calabria, Nino Spirl\u00ec, in una nota stampa.<\/p>\n<p>&#8220;Il bene e il male \u2013 continua \u2013 lottano da quel primo giorno, in ogni angolo dell\u2019universo: a volte vince l\u2019uno, a volte l\u2019altro. <strong>Chi perde sempre \u00e8 la stupidit\u00e0 umana<\/strong>. Che, constato, \u00e8 ben distribuita, purtroppo, su una buona parte di umanit\u00e0&#8221;.<\/p>\n<p>&#8220;Mi auguro \u2013 conclude il presidente Spirl\u00ec \u2013 che Augias trovi, tra le pieghe del suo caos interiore, il <strong>tempo e i modi per chiedere scusa alla Calabria e ai calabresi<\/strong>, alla storia, al presente e all\u2019avvenire di una terra che, prima del suo ultimo sproloquio televisivo, non conosceva l\u2019esistenza di questo signore&#8221;.<\/p>\n","protected":false},"excerpt":{"rendered":"<p>Il presidente\u00a0 pretende le scuse dopo i duri giudizi sulla regione dati dal giornalista all&#8217;indomani dell&#8217;ultima inchiesta &#8220;Basso profilo&#8221; coordinato dal procuratore Nicola Gratteri<\/p>\n","protected":false},"author":58,"featured_media":144078,"comment_status":"closed","ping_status":"open","sticky":false,"template":"","format":"standard","meta":{"_acf_changed":false,"footnotes":"","jetpack_publicize_message":"","jetpack_publicize_feature_enabled":true,"jetpack_social_post_already_shared":false,"jetpack_social_options":{"image_generator_settings":{"template":"highway","default_image_id":0,"font":"","enabled":false},"version":2}},"categories":[17,1],"tags":[],"class_list":["post-144077","post","type-post","status-publish","format-standard","has-post-thumbnail","hentry","category-calabria","category-senza-categoria"],"acf":[],"jetpack_publicize_connections":[],"_links":{"self":[{"href":"https:\/\/quicosenza.it\/news\/wp-json\/wp\/v2\/posts\/144077","targetHints":{"allow":["GET"]}}],"collection":[{"href":"https:\/\/quicosenza.it\/news\/wp-json\/wp\/v2\/posts"}],"about":[{"href":"https:\/\/quicosenza.it\/news\/wp-json\/wp\/v2\/types\/post"}],"author":[{"embeddable":true,"href":"https:\/\/quicosenza.it\/news\/wp-json\/wp\/v2\/users\/58"}],"replies":[{"embeddable":true,"href":"https:\/\/quicosenza.it\/news\/wp-json\/wp\/v2\/comments?post=144077"}],"version-history":[{"count":0,"href":"https:\/\/quicosenza.it\/news\/wp-json\/wp\/v2\/posts\/144077\/revisions"}],"wp:featuredmedia":[{"embeddable":true,"href":"https:\/\/quicosenza.it\/news\/wp-json\/wp\/v2\/media\/144078"}],"wp:attachment":[{"href":"https:\/\/quicosenza.it\/news\/wp-json\/wp\/v2\/media?parent=144077"}],"wp:term":[{"taxonomy":"category","embeddable":true,"href":"https:\/\/quicosenza.it\/news\/wp-json\/wp\/v2\/categories?post=144077"},{"taxonomy":"post_tag","embeddable":true,"href":"https:\/\/quicosenza.it\/news\/wp-json\/wp\/v2\/tags?post=144077"}],"curies":[{"name":"wp","href":"https:\/\/api.w.org\/{rel}","templated":true}]}}