{"id":151434,"date":"2021-06-16T11:17:27","date_gmt":"2021-06-16T09:17:27","guid":{"rendered":"https:\/\/www.quicosenza.it\/news\/senza-categoria\/nomine-del-consiglio-regionale-e-bufera-ferrara-m5s-atto-della-vergogna\/"},"modified":"2023-01-16T17:34:49","modified_gmt":"2023-01-16T16:34:49","slug":"411691-nomine-del-consiglio-regionale-e-bufera-ferrara-m5s-atto-della-vergogna","status":"publish","type":"post","link":"https:\/\/quicosenza.it\/news\/411691-nomine-del-consiglio-regionale-e-bufera-ferrara-m5s-atto-della-vergogna\/","title":{"rendered":"Nomine del Consiglio regionale, \u00e8 bufera. Ferrara (M5S): &#8220;atto della vergogna&#8221;"},"content":{"rendered":"<p>COSENZA &#8211; <strong>Il prossimo 18 giugno il Consiglio regionale si prepara a nomine di rilievo.<\/strong> Sul piatto, dopo lo stop intervenuto nel novembre scorso dopo la morte della presidente Iole Santelli, la designazione di sette membri effettivi e sette supplenti in rappresentanza della Regione nel Comitato misto delle servit\u00f9 militari, tre membri, compreso<strong> il presidente, di cui uno in rappresentanza delle minoranze, del Comitato regionale per le comunicazioni \u2013 CORECOM,<\/strong> tre esperti della Regione, di cui uno in rappresentanza della minoranza, nella Consulta regionale per la difesa e tutela delle professioni, del Garante dell\u2019Infanzia e dell\u2019adolescenza, Garante della salute della Regione Calabria, <strong>cinque esperti nell\u2019Osservatorio regionale dello sport e del Difensore civico della Regione Calabria.<\/strong> Inoltre, due componenti, di cui uno espresso dalla minoranza, in rappresentanza della Regione Calabria, nel Consiglio di amministrazione del Consorzio del Bergamotto, <strong>due membri nominati dal Consiglio regionale nel Consiglio di amministrazione di FINCALABRA S.p.a.<\/strong>, due membri nel Comitato di indirizzo di FINCALABRA S.p.a., del Presidente e di un membro effettivo da parte del Consiglio regionale nel Collegio sindacale di FINCALABRA S.p.a., di tre componenti, tra cui il Presidente, nel consiglio di amministrazione della Casa degli Oli extravergini d\u2019oliva di Calabria.<\/p>\n<p><strong>Nomine che hanno sollevato immediatamente polemiche<\/strong>. &#8220;Nessuna volont\u00e0 di procedere in maniera indiscriminata con nomine e incarichi&#8221;, risponde repentino il presidente del Consiglio regionale della Calabria Giovanni Arruzzolo. &#8220;Alcuni dei provvedimenti amministrativi inseriti nell&#8217;ordine dei lavori &#8211; afferma Arruzzolo &#8211; sono stati oggetto in questi mesi di &#8216;richiami&#8217; da parte di organismi nazionali, come AGCom, in riferimento al Corecom, e l&#8217;Autorit\u00e0 garante per l&#8217;infanzia e l&#8217;adolescenza (AGIA) per questa seconda importante figura. Risponde solo a questa esigenza la volont\u00e0 di procedere con &#8216;urgenza ed indifferibilit\u00e0&#8217; alla definizione di alcune nomine, tra quelle inserite nel punto in discussione nella prossima seduta. D&#8217;altra parte tali procedure, sono state ampiamente discusse, nelle sedi istituzionalmente competenti, pertanto, restiamo &#8216;sorpresi&#8217; dall&#8217;esternazioni di alcuni partiti. <strong>Si tratta di garantire la piena operativit\u00e0 di organismi che altrimenti sarebbero destinati al commissariamento<\/strong> da parte delle Autorit\u00e0 governative nazionali, e nessun altro tipo di nomina o incarico sar\u00e0 deciso dal Consiglio regionale fino al termine della legislatura&#8221;. &#8220;Rassicuriamo pertanto i cittadini calabresi &#8211; conclude Arruzzolo &#8211; che questa Presidenza non ha mai avuto la minima intenzione di &#8216;forzare&#8217; su provvedimenti amministrativi che sarebbero, in questo momento, istituzionalmente poco opportuni, considerando la fase di &#8216;prorogatio&#8217;, in cui \u00e8 costretta ad operare l&#8217;Assembla regionale che ho l&#8217;onore di presiedere&#8221;.<\/p>\n<p>Oggi l&#8217;affondo dell&#8217;europarlamentare Laura Ferrara. &#8220;In Calabria, con l&#8217;attivit\u00e0 del Consiglio regionale limitata ai soli provvedimenti di ordinaria amministrazione e urgenti, il centrodestra vorrebbe continuare a sfornare nomine nei consigli di amministrazione e nei collegi sindacali di numerosi enti, societ\u00e0, aziende, comitati e osservatori nei quali la Regione Calabria detiene una partecipazione, oltre che della nomina di alcune figure di garanzia come il Difensore civico o il Garante della Salute e il Garante dell&#8217;Infanzia e dell&#8217;Adolescenza. Provvedimenti \u2013 fa notare Ferrara &#8211; che solo un Consiglio regionale nel pieno della sua operativit\u00e0 dovrebbe licenziare e non uno in regime di prorogatio, come \u00e8 quello calabrese. L&#8217;ordine del giorno per la prossima seduta del Consiglio regionale potrebbe essere l&#8217;ennesimo atto della vergogna di una maggioranza che si \u00e8 preoccupata, in questi lunghi mesi, pi\u00f9 ad intercettare consensi tramite prebende che a restituire dignit\u00e0 a questo territorio. Anche per questo<strong> \u00e8 necessario offrire ai calabresi una valida alternativa a chi governa oggi la Regione.<\/strong> Donne e uomini che si impegnino con etica, responsabilit\u00e0 e senso delle Istituzioni per il bene comune e non per i propri interessi. Bisogna concentrarsi di pi\u00f9 sui temi prioritari e meno sui nomi ed i profili, che devono certamente essere garanzia di un programma credibile e di rilancio per la nostra regione. \u00c8 il momento della sintesi, di ritornare fra la gente e dare un senso vero e positivo alla parola &#8220;politica&#8221;, anche in Calabria&#8221;.<\/p>\n","protected":false},"excerpt":{"rendered":"<p>&#8220;Nessuna volont\u00e0 di procedere in maniera indiscriminata con nomine e incarichi&#8221; la risposta del presidente del Consiglio regionale<\/p>\n","protected":false},"author":56,"featured_media":151435,"comment_status":"closed","ping_status":"open","sticky":false,"template":"","format":"standard","meta":{"_acf_changed":false,"footnotes":"","jetpack_publicize_message":"","jetpack_publicize_feature_enabled":true,"jetpack_social_post_already_shared":false,"jetpack_social_options":{"image_generator_settings":{"template":"highway","default_image_id":0,"font":"","enabled":false},"version":2}},"categories":[17],"tags":[],"class_list":["post-151434","post","type-post","status-publish","format-standard","has-post-thumbnail","hentry","category-calabria"],"acf":[],"jetpack_publicize_connections":[],"_links":{"self":[{"href":"https:\/\/quicosenza.it\/news\/wp-json\/wp\/v2\/posts\/151434","targetHints":{"allow":["GET"]}}],"collection":[{"href":"https:\/\/quicosenza.it\/news\/wp-json\/wp\/v2\/posts"}],"about":[{"href":"https:\/\/quicosenza.it\/news\/wp-json\/wp\/v2\/types\/post"}],"author":[{"embeddable":true,"href":"https:\/\/quicosenza.it\/news\/wp-json\/wp\/v2\/users\/56"}],"replies":[{"embeddable":true,"href":"https:\/\/quicosenza.it\/news\/wp-json\/wp\/v2\/comments?post=151434"}],"version-history":[{"count":0,"href":"https:\/\/quicosenza.it\/news\/wp-json\/wp\/v2\/posts\/151434\/revisions"}],"wp:featuredmedia":[{"embeddable":true,"href":"https:\/\/quicosenza.it\/news\/wp-json\/wp\/v2\/media\/151435"}],"wp:attachment":[{"href":"https:\/\/quicosenza.it\/news\/wp-json\/wp\/v2\/media?parent=151434"}],"wp:term":[{"taxonomy":"category","embeddable":true,"href":"https:\/\/quicosenza.it\/news\/wp-json\/wp\/v2\/categories?post=151434"},{"taxonomy":"post_tag","embeddable":true,"href":"https:\/\/quicosenza.it\/news\/wp-json\/wp\/v2\/tags?post=151434"}],"curies":[{"name":"wp","href":"https:\/\/api.w.org\/{rel}","templated":true}]}}