{"id":151602,"date":"2021-06-18T11:00:30","date_gmt":"2021-06-18T09:00:30","guid":{"rendered":"https:\/\/www.quicosenza.it\/news\/senza-categoria\/morta-a-cosenza-la-46enne-colpita-da-ictus-dopo-il-vaccino-caso-segnalato-allaifa\/"},"modified":"2023-01-16T17:35:00","modified_gmt":"2023-01-16T16:35:00","slug":"412106-morta-a-cosenza-la-46enne-colpita-da-ictus-dopo-il-vaccino-caso-segnalato-allaifa","status":"publish","type":"post","link":"https:\/\/quicosenza.it\/news\/412106-morta-a-cosenza-la-46enne-colpita-da-ictus-dopo-il-vaccino-caso-segnalato-allaifa\/","title":{"rendered":"Morta a Cosenza la 46enne colpita da ictus dopo il vaccino. Caso segnalato all&#8217;Aifa"},"content":{"rendered":"<p>COSENZA &#8211; <strong>La 46enne di Crotone \u00e8 morta all&#8217;Annunziata di Cosenza<\/strong>. La donna era stata colpita da un ictus qualche giorno dopo che <strong>gli era stata somministrata la prima dose del siero AstraZeneca a fine maggio<\/strong>. Originaria di Caccuri, dopo essersi vaccinata aveva avvertito un malore ed aveva subito contattato il suo medico di famiglia. Da li era stata portata in un primo momento all&#8217;ospedale di Crotone dove era stata sottoposta ad<strong> una Tac che aveva evidenziato la presenza dell&#8217;ictus<\/strong>.\u00a0Si era deciso di trasportare la 46enne all&#8217;Annunziata di Cosenza anche per capire se fosse stato possibile intervenire chirurgicamente. Ma le condizioni della donna si sono ulteriormente aggravate: \u00e8 rimasta intubata ed attaccata alle macchine per quasi 20 giorni in terapia intensiva. La donna, per\u00f2, non si \u00e8 pi\u00f9 ripresa e nel tardo pomeriggio di ieri \u00e8 deceduta. I medici dell&#8217;ospedale di Cosenza <strong>hanno segnalato il caso all&#8217;Agenzia del Farmaco ed al ministero<\/strong> della Salute che dovranno ora accertare se vi sia un nesso con l&#8217;improvvisa rottura de vasi cerebrali e la somministrazione del vaccino. <strong>I familiari hanno autorizzato la donazione degli organi<\/strong>.<\/p>\n<p>&nbsp;<\/p>\n<p>&nbsp;<\/p>\n","protected":false},"excerpt":{"rendered":"<p>La donna, originaria di Caccuri, dopo la prima dose di AstraZeneca aveva avvertito un malore. \u00c8 morta nel tardo pomeriggio di ieri<\/p>\n","protected":false},"author":55,"featured_media":151603,"comment_status":"closed","ping_status":"open","sticky":false,"template":"","format":"standard","meta":{"_acf_changed":false,"footnotes":"","jetpack_publicize_message":"","jetpack_publicize_feature_enabled":true,"jetpack_social_post_already_shared":false,"jetpack_social_options":{"image_generator_settings":{"template":"highway","default_image_id":0,"font":"","enabled":false},"version":2}},"categories":[563],"tags":[19],"class_list":["post-151602","post","type-post","status-publish","format-standard","has-post-thumbnail","hentry","category-area-urbana","tag-copertina"],"acf":[],"jetpack_publicize_connections":[],"_links":{"self":[{"href":"https:\/\/quicosenza.it\/news\/wp-json\/wp\/v2\/posts\/151602","targetHints":{"allow":["GET"]}}],"collection":[{"href":"https:\/\/quicosenza.it\/news\/wp-json\/wp\/v2\/posts"}],"about":[{"href":"https:\/\/quicosenza.it\/news\/wp-json\/wp\/v2\/types\/post"}],"author":[{"embeddable":true,"href":"https:\/\/quicosenza.it\/news\/wp-json\/wp\/v2\/users\/55"}],"replies":[{"embeddable":true,"href":"https:\/\/quicosenza.it\/news\/wp-json\/wp\/v2\/comments?post=151602"}],"version-history":[{"count":0,"href":"https:\/\/quicosenza.it\/news\/wp-json\/wp\/v2\/posts\/151602\/revisions"}],"wp:featuredmedia":[{"embeddable":true,"href":"https:\/\/quicosenza.it\/news\/wp-json\/wp\/v2\/media\/151603"}],"wp:attachment":[{"href":"https:\/\/quicosenza.it\/news\/wp-json\/wp\/v2\/media?parent=151602"}],"wp:term":[{"taxonomy":"category","embeddable":true,"href":"https:\/\/quicosenza.it\/news\/wp-json\/wp\/v2\/categories?post=151602"},{"taxonomy":"post_tag","embeddable":true,"href":"https:\/\/quicosenza.it\/news\/wp-json\/wp\/v2\/tags?post=151602"}],"curies":[{"name":"wp","href":"https:\/\/api.w.org\/{rel}","templated":true}]}}