{"id":153509,"date":"2021-07-24T05:30:29","date_gmt":"2021-07-24T03:30:29","guid":{"rendered":"https:\/\/www.quicosenza.it\/news\/senza-categoria\/green-pass-baristi-e-ristoratori-sulle-barricate-non-siamo-bodyguard-ne-controllori\/"},"modified":"2023-01-16T17:37:10","modified_gmt":"2023-01-16T16:37:10","slug":"416873-green-pass-baristi-e-ristoratori-sulle-barricate-non-siamo-bodyguard-ne-controllori","status":"publish","type":"post","link":"https:\/\/quicosenza.it\/news\/416873-green-pass-baristi-e-ristoratori-sulle-barricate-non-siamo-bodyguard-ne-controllori\/","title":{"rendered":"Green pass, baristi e ristoratori sulle barricate &#8220;non siamo bodyguard n\u00e9 controllori&#8221;"},"content":{"rendered":"<p>COSENZA &#8211; <strong>&#8220;Non siamo bodyguard<\/strong>&#8220;. Tra i vari fronti di polemica che fanno seguito all&#8217;approvazione dell&#8217;ultimo decreto sul green pass, anche i gestori di bar e ristoranti fanno sentire la loro voce. <strong>Preoccupati dal possibile &#8220;caos organizzativo&#8221;, non ci stanno ad &#8220;essere scambiati per controllori&#8221;<\/strong>, perch\u00e9 ritengono che non spetti a loro intervenire sulle verifiche dei certificati che dal 6 agosto permetteranno a chi \u00e8 vaccinato di fare tutta una serie di attivit\u00e0, tra cui appunto entrare nei locali pubblici. Il giorno dopo l&#8217;approvazione del provvedimento da parte del Consiglio dei ministri il coro di critiche &#8211; e quindi la richiesta di modifiche alle norme &#8211; si alza da pi\u00f9 parti. Per la Fipe-Confcommercio, la Federazione italiana dei pubblici esercizi, <strong>i gestori dei bar e dei ristoranti &#8220;non sono pubblici ufficiali<\/strong> e come tali non possono assumersi responsabilit\u00e0 che spettano ad altri&#8221;, occupandosi anche dei controlli incrociati con i documenti di identit\u00e0.<\/p>\n<p>La proposta che viene avanzata dall&#8217;associazione di categoria \u00e8 dunque quella di semplificare le procedure, prevedendo<strong> un&#8217;autocertificazione che sollevi i titolari dei locali da ogni responsabilit\u00e0<\/strong>. Sulla stessa lunghezza d&#8217;onda Confersercenti. &#8220;Il green pass, cos\u00ec come \u00e8 stato delineato &#8211; commenta l&#8217;associazione -,<strong> rischia di essere un provvedimento ingiustamente punitivo per le imprese,<\/strong> che non solo devono sostenere l&#8217;onere organizzativo ed economico del controllo, ma anche assumersi responsabilit\u00e0 legali che non competono loro&#8221;. Tra le incongruenze definite &#8220;incomprensibili&#8221; da Confesercenti, l&#8217;estensione dell&#8217;obbligo anche alle fiere e alle sagre all&#8217;aperto, oltre alla mancata riapertura delle discoteche. E cos\u00ec, come copertina, e sigle che rappresentano i locali notturni, anche<strong> i gestori di bar e ristoranti hanno scritto al governo per chiedere di aprire un tavolo tecnico<\/strong> ed avviare un confronto per avere &#8220;correttivi urgenti e chiarimenti&#8221;. Tra le categorie che salgono sugli scudi c&#8217;\u00e8 poi pure quella dei cuochi. &#8220;Se il green pass vuol essere il giusto stimolo a vaccinarsi e porre un freno alla diffusione di un virus ormai endemico &#8211; dice il presidente di Federcuochi, Rocco Pozzulo &#8211; il costo sociale di questa misura non pu\u00f2 ricadere su poche, sfortunate categorie. N\u00e9 si pu\u00f2 pretendere che gli esercenti assumano il ruolo di controllori, non essendo organi sanitari n\u00e9 di polizia&#8221;. Pozzuolo si attende &#8220;la giusta consequenzialit\u00e0 che estenda a trasporti, scuola e uffici pubblici una misura che oggi penalizza ulteriormente ogni attivit\u00e0 del nostro settore&#8221;. &#8220;Con queste misure va a finire che perdiamo anche i pochi clienti rimasti&#8221; gli fa eco il maestro della cucina italiana Gianfranco Vissani.<\/p>\n<p>Ad appoggiare il fronte di baristi e ristoratori anche alcuni governatori, a partire dal presidente del Friuli Venezia Giulia, oltre che della Conferenza delle Regioni, Massimiliano Fedriga. &#8220;<strong>Non possiamo pensare di mettere sulle spalle del barista o del ristoratore l&#8217;onere di fare il bodyguard,<\/strong> quindi su questo lo Stato ci deve essere&#8221; dice. &#8220;Per l&#8217;applicazione del green pass nei bar e nei ristoranti &#8211; il parere di Alberto Cirio, governatore del Piemonte &#8211; ci appelliamo alla sensibilit\u00e0 del governo. Da qui al 5 agosto c&#8217;\u00e8 il tempo per intervenire, e servirebbe una grande cautela rispetto al ruolo del ristoratore&#8221;. Critiche al governo da Marco Marsilio, presidente dell&#8217;Abruzzo, che punta il dito su &#8220;oneri organizzativi, gestionali e di responsabilit\u00e0 anche nella sanzione&#8221;.<\/p>\n","protected":false},"excerpt":{"rendered":"<p>Per la Fipe-Confcommercio i gestori dei bar e dei ristoranti &#8220;non sono pubblici ufficiali e come tali non possono assumersi responsabilit\u00e0 che spettano ad altri&#8221;<\/p>\n","protected":false},"author":55,"featured_media":153510,"comment_status":"closed","ping_status":"open","sticky":false,"template":"","format":"standard","meta":{"_acf_changed":false,"footnotes":"","jetpack_publicize_message":"","jetpack_publicize_feature_enabled":true,"jetpack_social_post_already_shared":false,"jetpack_social_options":{"image_generator_settings":{"template":"highway","default_image_id":0,"font":"","enabled":false},"version":2}},"categories":[16],"tags":[19],"class_list":["post-153509","post","type-post","status-publish","format-standard","has-post-thumbnail","hentry","category-italia","tag-copertina"],"acf":[],"jetpack_publicize_connections":[],"_links":{"self":[{"href":"https:\/\/quicosenza.it\/news\/wp-json\/wp\/v2\/posts\/153509","targetHints":{"allow":["GET"]}}],"collection":[{"href":"https:\/\/quicosenza.it\/news\/wp-json\/wp\/v2\/posts"}],"about":[{"href":"https:\/\/quicosenza.it\/news\/wp-json\/wp\/v2\/types\/post"}],"author":[{"embeddable":true,"href":"https:\/\/quicosenza.it\/news\/wp-json\/wp\/v2\/users\/55"}],"replies":[{"embeddable":true,"href":"https:\/\/quicosenza.it\/news\/wp-json\/wp\/v2\/comments?post=153509"}],"version-history":[{"count":0,"href":"https:\/\/quicosenza.it\/news\/wp-json\/wp\/v2\/posts\/153509\/revisions"}],"wp:featuredmedia":[{"embeddable":true,"href":"https:\/\/quicosenza.it\/news\/wp-json\/wp\/v2\/media\/153510"}],"wp:attachment":[{"href":"https:\/\/quicosenza.it\/news\/wp-json\/wp\/v2\/media?parent=153509"}],"wp:term":[{"taxonomy":"category","embeddable":true,"href":"https:\/\/quicosenza.it\/news\/wp-json\/wp\/v2\/categories?post=153509"},{"taxonomy":"post_tag","embeddable":true,"href":"https:\/\/quicosenza.it\/news\/wp-json\/wp\/v2\/tags?post=153509"}],"curies":[{"name":"wp","href":"https:\/\/api.w.org\/{rel}","templated":true}]}}