{"id":156533,"date":"2021-09-24T07:22:46","date_gmt":"2021-09-24T05:22:46","guid":{"rendered":"https:\/\/www.quicosenza.it\/news\/senza-categoria\/lago-bimba-guarita-dal-covid-allontanata-da-scuola-la-denuncia-della-madre\/"},"modified":"2023-01-16T17:40:34","modified_gmt":"2023-01-16T16:40:34","slug":"424118-lago-bimba-guarita-dal-covid-allontanata-da-scuola-la-denuncia-della-madre","status":"publish","type":"post","link":"https:\/\/quicosenza.it\/news\/424118-lago-bimba-guarita-dal-covid-allontanata-da-scuola-la-denuncia-della-madre\/","title":{"rendered":"Lago: bimba guarita dal Covid allontanata da scuola, la denuncia della madre"},"content":{"rendered":"<p>LAGO (CS) &#8211; La bambina frequenta la classe seconda della scuola primaria di Lago e il Covid 19 l\u2019ha gi\u00e0 scossa psicologicamente visto che <strong>ad agosto \u00e8 risultata positiva<\/strong>.\u00a0 Gi\u00e0 in vista del primo giorno di scuola la piccola aveva paura di tornare a scuola ma la mamma<strong> racconta di averla tranquillizzata dicendole che il giorno dopo sarebbe dovuta andare<\/strong>. &#8220;In concomitanza ed educatamente ho informato la sua maestra per questa situazione che purtroppo ha vissuto.<\/p>\n<p>&#8220;La stessa maestra mi ha prima telefonata dicendo che avendo avuto il Covid mia figlia, ero stata negligente a non aver presentato <strong>apposita documentazione di revoca dell\u2019obbligo di quarantena<\/strong> e che dovevo avvisare il dirigente scolastico. Ma non ho fatto neanche in tempo perch\u00e8, dopo qualche minuto mi ha richiamata mettendomi in collegamento con la vice dirigente la quale mi ha invitata ad andare a prelevare immediatamente le mie figlie da scuola, adducendo le stesse motivazioni della maestra: dovevo presentare una documentazione che <strong>in realt\u00e0 non \u00e8 dovuta<\/strong>&#8220;.<\/p>\n<p>&#8220;A quel punto &#8211; racconta mamma Carmela &#8211; ho chiesto l\u2019intervento del <strong>sindaco, Enzo Scanga<\/strong>, il quale mi ha invitato ad esibire i documenti richiesti per evitare che la bimba venisse allontanata da scuola. Ma nonostante io abbia fatto come richiesto la maestra ha respinto la mia documentazione e mi ha invitata a portare via la bambina che \u00e8 stata <strong>prelevata da scuola e allontanata dalla classe<\/strong>&#8220;.<\/p>\n<p><strong>&#8220;Lascio immaginare lo stato emotivo di mia figlia:<\/strong> ha subito avuto un fortissimo attacco di panico. Io ed il sindaco abbiamo cercato di calmarla e lo stesso, ha chiamato il dirigente per tentare di fargli capire che il fatto accaduto era alquanto grave e specificando che, non solo si trattava di una violazione della privacy, ma non era neanche necessario presentare quella documentazione perch\u00e9 il fatto era ormai chiuso, e da tempo. <strong>Le mie figlie infatti sono negative dal 1\u00b0 settembre e la scuola \u00e8 iniziata il 20 settembre,<\/strong> ma lo stesso Dirigente ha insistito come le maestre sull\u2019esistenza di tale obbligo&#8221;.<\/p>\n<p>&#8220;Il <strong>primo cittadino ha prontamente inviato una mail<\/strong> e, allo stesso tempo, io sono andata a darne copia cartacea alla maestra, ma la bambina piangendo non \u00e8 voluta pi\u00f9 rientrare in classe. Tutti i giorni rivive l\u2019incubo e la paura di essere cacciata da scuola solo perch\u00e9 ha avuto il Covid. <strong>Questo le sta creando un danno psicologico<\/strong> che non ci d\u00e0 pace. Come se non bastasse con una mail, ho chiesto al dirigente scolastico di poter visionare gli atti con i quali la scuola mi obbligava a fornire apposita documentazione di revoca della quarantena, ripeto non prevista, ma ad oggi non ho ricevuto alcuna risposta&#8221;.<\/p>\n<p>&#8220;Ho voluto raccontare questa vicenda &#8211; conclude Carmela &#8211; perch\u00e8 tutto ci\u00f2 \u00e8 <strong>straziante per una mamma<\/strong> e traumatico per la bambina. Mi preme specificare infine che, se la scuola non mi far\u00e0 visionare il documento al quale hanno fatto riferimento maestra e dirigente, per difendere i diritti di mia figlia sar\u00f2 pronta ad esporre denuncia&#8221;.<\/p>\n","protected":false},"excerpt":{"rendered":"<p>A scrivere \u00e8 la mamma di una bimba di Lago: &#8220;mia figlia cacciata da scuola perch\u00e9 ha avuto il Covid durante il periodo estivo. Ora non vuole pi\u00f9 tornarci&#8221;<\/p>\n","protected":false},"author":42,"featured_media":156534,"comment_status":"closed","ping_status":"open","sticky":false,"template":"","format":"standard","meta":{"_acf_changed":false,"footnotes":"","jetpack_publicize_message":"","jetpack_publicize_feature_enabled":true,"jetpack_social_post_already_shared":false,"jetpack_social_options":{"image_generator_settings":{"template":"highway","default_image_id":0,"font":"","enabled":false},"version":2}},"categories":[28],"tags":[19],"class_list":["post-156533","post","type-post","status-publish","format-standard","has-post-thumbnail","hentry","category-provincia","tag-copertina"],"acf":[],"jetpack_publicize_connections":[],"_links":{"self":[{"href":"https:\/\/quicosenza.it\/news\/wp-json\/wp\/v2\/posts\/156533","targetHints":{"allow":["GET"]}}],"collection":[{"href":"https:\/\/quicosenza.it\/news\/wp-json\/wp\/v2\/posts"}],"about":[{"href":"https:\/\/quicosenza.it\/news\/wp-json\/wp\/v2\/types\/post"}],"author":[{"embeddable":true,"href":"https:\/\/quicosenza.it\/news\/wp-json\/wp\/v2\/users\/42"}],"replies":[{"embeddable":true,"href":"https:\/\/quicosenza.it\/news\/wp-json\/wp\/v2\/comments?post=156533"}],"version-history":[{"count":0,"href":"https:\/\/quicosenza.it\/news\/wp-json\/wp\/v2\/posts\/156533\/revisions"}],"wp:featuredmedia":[{"embeddable":true,"href":"https:\/\/quicosenza.it\/news\/wp-json\/wp\/v2\/media\/156534"}],"wp:attachment":[{"href":"https:\/\/quicosenza.it\/news\/wp-json\/wp\/v2\/media?parent=156533"}],"wp:term":[{"taxonomy":"category","embeddable":true,"href":"https:\/\/quicosenza.it\/news\/wp-json\/wp\/v2\/categories?post=156533"},{"taxonomy":"post_tag","embeddable":true,"href":"https:\/\/quicosenza.it\/news\/wp-json\/wp\/v2\/tags?post=156533"}],"curies":[{"name":"wp","href":"https:\/\/api.w.org\/{rel}","templated":true}]}}