{"id":161506,"date":"2022-01-03T17:48:43","date_gmt":"2022-01-03T16:48:43","guid":{"rendered":"https:\/\/www.quicosenza.it\/news\/senza-categoria\/incendio-calabra-maceri-preoccupazione-a-rende-lazienda-rassicura-i-residenti\/"},"modified":"2023-01-16T16:57:03","modified_gmt":"2023-01-16T15:57:03","slug":"436894-incendio-calabra-maceri-preoccupazione-a-rende-lazienda-rassicura-i-residenti","status":"publish","type":"post","link":"https:\/\/quicosenza.it\/news\/436894-incendio-calabra-maceri-preoccupazione-a-rende-lazienda-rassicura-i-residenti\/","title":{"rendered":"Incendio Calabra Maceri, preoccupazione a Rende. L&#8217;azienda rassicura i residenti"},"content":{"rendered":"<p>RENDE (CS) &#8211; &#8220;I quotidiani online ieri hanno riportato la notizia di un <a href=\"https:\/\/quicosenza.it\/news\/14276\" target=\"_blank\" rel=\"noopener\">incendio<\/a> divampato presso lo stabilimento di Calabra Maceri, nella zona industriale di Rende (CS), creando una discreta apprensione nei residenti delle zone limitrofe agli impianti, che di fatto hanno solo riscontrato la presenza dei vigili del fuoco, intorno all\u2019ora di pranzo. Ci teniamo, per diritto di replica, a riassicurare quanti hanno letto dell\u2019accaduto&#8221;, scrive in una nota l&#8217;azienda Calabra Maceri.<\/p>\n<p>&#8220;Si \u00e8 trattato di un<strong> principio di autocombustione<\/strong> che la squadra di pronto intervento interna ha prontamente gestito, perch\u00e9 adeguatamente formata ed istruita sui fattori di rischio legati all\u2019attivit\u00e0 di ricezione, stoccaggio e trattamento dei rifiuti &#8211; proseguono Peraltro tutto ci\u00f2 \u00e8 avvenuto in piena giornata lavorativa, e quindi affrontato in tempo reale dal personale che era al momento in servizio, che, non appena rilevate le prime tracce di fumo, ha<strong> immediatamente azionato gli idranti<\/strong>, prima che potesse propagarsi nell\u2019area circostante. I nostri ringraziamenti vanno sempre e comunque ai vigili del fuoco, &#8211; conclude l&#8217;azienda &#8211;\u00a0 intervenuti con la puntualit\u00e0 e tempestivit\u00e0 di sempre&#8221;.<\/p>\n","protected":false},"excerpt":{"rendered":"<p>L&#8217;azienda in una nota vuole tranquillizzare i residenti della zona dopo l&#8217;incendio scoppiato ieri nel sito di stoccaggio rifiuti nella zona industriale di Rende<\/p>\n","protected":false},"author":58,"featured_media":161507,"comment_status":"closed","ping_status":"open","sticky":false,"template":"","format":"standard","meta":{"_acf_changed":false,"footnotes":"","jetpack_publicize_message":"","jetpack_publicize_feature_enabled":true,"jetpack_social_post_already_shared":false,"jetpack_social_options":{"image_generator_settings":{"template":"highway","default_image_id":0,"font":"","enabled":false},"version":2}},"categories":[563],"tags":[19],"class_list":["post-161506","post","type-post","status-publish","format-standard","has-post-thumbnail","hentry","category-area-urbana","tag-copertina"],"acf":[],"jetpack_publicize_connections":[],"_links":{"self":[{"href":"https:\/\/quicosenza.it\/news\/wp-json\/wp\/v2\/posts\/161506","targetHints":{"allow":["GET"]}}],"collection":[{"href":"https:\/\/quicosenza.it\/news\/wp-json\/wp\/v2\/posts"}],"about":[{"href":"https:\/\/quicosenza.it\/news\/wp-json\/wp\/v2\/types\/post"}],"author":[{"embeddable":true,"href":"https:\/\/quicosenza.it\/news\/wp-json\/wp\/v2\/users\/58"}],"replies":[{"embeddable":true,"href":"https:\/\/quicosenza.it\/news\/wp-json\/wp\/v2\/comments?post=161506"}],"version-history":[{"count":0,"href":"https:\/\/quicosenza.it\/news\/wp-json\/wp\/v2\/posts\/161506\/revisions"}],"wp:featuredmedia":[{"embeddable":true,"href":"https:\/\/quicosenza.it\/news\/wp-json\/wp\/v2\/media\/161507"}],"wp:attachment":[{"href":"https:\/\/quicosenza.it\/news\/wp-json\/wp\/v2\/media?parent=161506"}],"wp:term":[{"taxonomy":"category","embeddable":true,"href":"https:\/\/quicosenza.it\/news\/wp-json\/wp\/v2\/categories?post=161506"},{"taxonomy":"post_tag","embeddable":true,"href":"https:\/\/quicosenza.it\/news\/wp-json\/wp\/v2\/tags?post=161506"}],"curies":[{"name":"wp","href":"https:\/\/api.w.org\/{rel}","templated":true}]}}