{"id":162282,"date":"2022-01-23T08:00:49","date_gmt":"2022-01-23T07:00:49","guid":{"rendered":"https:\/\/www.quicosenza.it\/news\/senza-categoria\/bollette-da-capogiro-e-allarme-impatto-terribile-su-imprese-cosentine\/"},"modified":"2023-01-16T16:57:53","modified_gmt":"2023-01-16T15:57:53","slug":"438720-bollette-da-capogiro-e-allarme-impatto-terribile-su-imprese-cosentine","status":"publish","type":"post","link":"https:\/\/quicosenza.it\/news\/438720-bollette-da-capogiro-e-allarme-impatto-terribile-su-imprese-cosentine\/","title":{"rendered":"Bollette da capogiro, \u00e8 allarme &#8220;impatto terribile su imprese cosentine&#8221;"},"content":{"rendered":"<p>COSENZA &#8211; \u201c<strong>Oltre all\u2019emergenza pandemica ci troviamo a fare i conti con una vera e propria crisi energetica che ha un impatto terribile sul sistema produttivo<\/strong>\u201d. Lo dichiara il presidente di Confindustria Cosenza <strong>Fortunato Amarelli<\/strong> che aggiunge \u201cl\u2019incremento del prezzo del gas nelle ultime settimane \u00e8 stato del 280% rispetto a gennaio 2021 e del 650% rispetto allo stesso periodo del 2020. Il tutto si traduce in un aumento delle bollette, passate da 8 miliardi nel 2019 a 21 miliardi nel 2021, e che arriveranno a 37 miliardi di euro nel 2022 con un impatto devastante sul sistema produttivo italiano e calabrese. Il costo dell&#8217;energia per le imprese italiane nel 2019 \u00e8 stato di 8 miliardi, nel 2021 di 20 e la previsione per il 2022 \u00e8 di 37 miliardi. \u00c8 un livello assolutamente insostenibile&#8221;.<\/p>\n<p>Di fronte a questo scenario, le realt\u00e0 produttive di tutti i settori manifatturieri sono fortemente colpite ed il rischio che si corre \u00e8 il fermo della produzione dovuto anche ai ritardi nelle forniture di materiali e semi lavorati, oltre ad un generalizzato aumento dei prezzi di vendita, almeno per i prossimi 12 mesi. Aumenti subiti dalle imprese che non sempre \u00e8 possibile ribaltare sul mercato, ad esempio per chi esporta e deve competere con i produttori di altri Paesi, dove i prezzi dell\u2019energia hanno una minore incidenza.<\/p>\n<h4>&#8220;Aumenti stratosferici di energia elettrica e gas&#8221;<\/h4>\n<p>&#8220;\u00c8 necessario affrontare il problema attraverso un intervento immediato e con una strategia di medio-lungo periodo. I provvedimenti messi in campo dal Governo nelle scorse settimane \u2013 aggiunge il presidente Amarelli \u2013 hanno alleggerito l\u2019impatto per le famiglie e, in piccola misura, per le imprese ma non sono riusciti ad evitare gli aumenti stratosferici nelle <strong>bollette, che si attestano intorno al 55% per quella elettrica e ad un 41% per quella del gas<\/strong>\u201d. Per il presidente Amarelli \u201cla componente energia pesa sul conto economico delle aziende in misura incredibile: dal 15% siamo passati ad un buon 50%. Se a questo aggiungiamo un rincaro pesante per quanto riguarda i trasporti e le materie prime che in molti casi si trovano con fatica, riusciamo a rendere in maniera realistica il quadro delle difficolt\u00e0 che molte aziende stanno registrando e che le costringe, in alcuni casi, anche a dover rinunciare a commesse importanti\u201d.<\/p>\n<h4>L&#8217;appello al Governo<\/h4>\n<p>Cos\u00ec come Unindustria Calabria sta facendo con l\u2019esecutivo regionale per le questioni di sua competenza, Confindustria sta chiedendo al Governo il<strong> varo di misure straordinarie tanto sotto forma di agevolazioni fiscali<\/strong> dedicate, quanto in termini di maggiore sfruttamento dei nostri giacimenti di gas. Serve aumentare i prelievi in tempi rapidi e rendere disponibile il gas per il sistema industriale a prezzi che facciano riferimento a quelli estivi. Si rende indifferibile una riforma complessiva che in ultima analisi renda la bolletta compatibile con gli obiettivi di sviluppo e crescita del sistema produttivo e che scongiuri la chiusura di moltissime aziende.<\/p>\n<h4>Buone pratiche dall&#8217;estero<\/h4>\n<p>Buone pratiche, in tal senso, arrivano da altri Paesi europei, che hanno messo in campo strategie di politica industriale: la Francia, oltre a poter contare sul nucleare, ha optato per interventi in grado di calmierare i prezzi e sostenere le aziende attraverso cessioni di energia a prezzi agevolati, mentre la Germania ha adottato una scontistica fiscale importante sugli oneri di sistema. In Italia, invece, sono stati stanziati fondi per fronteggiare l\u2019emergenza prevalentemente alle utenze residenziali. &#8220;Serve una visione di lungo periodo -conclude Amarelli &#8211; che affronti con efficacia la transizione energetica per raggiungere gli obiettivi europei e tendere verso &#8216;indipendenza energetica&#8221;.<\/p>\n","protected":false},"excerpt":{"rendered":"<p>A lanciare l&#8217;appello il presidente di Confindustria Cosenza Fortunato Amarelli che aggiunge &#8220;aumenti stratosferici, il Governo vari misuri straordinarie&#8221;<\/p>\n","protected":false},"author":58,"featured_media":162283,"comment_status":"closed","ping_status":"open","sticky":false,"template":"","format":"standard","meta":{"_acf_changed":false,"footnotes":"","jetpack_publicize_message":"","jetpack_publicize_feature_enabled":true,"jetpack_social_post_already_shared":false,"jetpack_social_options":{"image_generator_settings":{"template":"highway","default_image_id":0,"font":"","enabled":false},"version":2}},"categories":[563],"tags":[19],"class_list":["post-162282","post","type-post","status-publish","format-standard","has-post-thumbnail","hentry","category-area-urbana","tag-copertina"],"acf":[],"jetpack_publicize_connections":[],"_links":{"self":[{"href":"https:\/\/quicosenza.it\/news\/wp-json\/wp\/v2\/posts\/162282","targetHints":{"allow":["GET"]}}],"collection":[{"href":"https:\/\/quicosenza.it\/news\/wp-json\/wp\/v2\/posts"}],"about":[{"href":"https:\/\/quicosenza.it\/news\/wp-json\/wp\/v2\/types\/post"}],"author":[{"embeddable":true,"href":"https:\/\/quicosenza.it\/news\/wp-json\/wp\/v2\/users\/58"}],"replies":[{"embeddable":true,"href":"https:\/\/quicosenza.it\/news\/wp-json\/wp\/v2\/comments?post=162282"}],"version-history":[{"count":0,"href":"https:\/\/quicosenza.it\/news\/wp-json\/wp\/v2\/posts\/162282\/revisions"}],"wp:featuredmedia":[{"embeddable":true,"href":"https:\/\/quicosenza.it\/news\/wp-json\/wp\/v2\/media\/162283"}],"wp:attachment":[{"href":"https:\/\/quicosenza.it\/news\/wp-json\/wp\/v2\/media?parent=162282"}],"wp:term":[{"taxonomy":"category","embeddable":true,"href":"https:\/\/quicosenza.it\/news\/wp-json\/wp\/v2\/categories?post=162282"},{"taxonomy":"post_tag","embeddable":true,"href":"https:\/\/quicosenza.it\/news\/wp-json\/wp\/v2\/tags?post=162282"}],"curies":[{"name":"wp","href":"https:\/\/api.w.org\/{rel}","templated":true}]}}