{"id":205243,"date":"2023-07-15T23:00:21","date_gmt":"2023-07-15T21:00:21","guid":{"rendered":"https:\/\/www.quicosenza.it\/news\/?p=205243"},"modified":"2023-07-15T18:15:04","modified_gmt":"2023-07-15T16:15:04","slug":"a-san-lucido-torna-arteinvivo-festival-arte-tradizioni-enogastronomia-e-natura","status":"publish","type":"post","link":"https:\/\/quicosenza.it\/news\/a-san-lucido-torna-arteinvivo-festival-arte-tradizioni-enogastronomia-e-natura\/","title":{"rendered":"A San Lucido torna &#8216;ArteInVivo Festival&#8217;: arte, tradizioni, enogastronomia e natura"},"content":{"rendered":"<p>SAN LUCIDO (CS) &#8211; Pi\u00f9 che una vacanza, ArteInVivoFestival \u00e8 un\u2019esperienza, l\u2019emozione che rester\u00e0 impressa nella mente e nel cuore. \u00c8 proprio per cercare di vivere pienamente quell\u2019esperienza, dopo il successo dell\u2019edizione passata, torna in Calabria \u2018ArteInVivo Festival 2023\u2019: sei giorni di arte, spettacoli, concerti, corsi specialistici, percorsi enogastronomici e naturali, <strong>dal 24 al 29 luglio a San Lucido,<\/strong> la perla del Tirreno, sulla costa cosentina. Il paese di San Lucido si trasformer\u00e0 in un teatro diffuso, dove i visitatori saranno attori e spettatori. Gli ospiti potranno immergersi nell&#8217;arte e tuffarsi letteralmente nelle onde cristalline del Mar Tirreno. Una forma di conoscenza diretta, acquisita con l&#8217;osservazione, la pratica e l\u2019incontro diretto con grandi artisti.<\/p>\n<p>ArteInVivo, patrocinato dalla Oficina Cultural y Cient\u00edfica de la Embajada de Espa\u00f1a, non \u00e8 solo un Festival ma un\u2019esperienza culturale a 360\u00b0. La regia artistica dell&#8217;evento \u00e8 la base stessa della proposta: la bellezza del luogo \u00e8 esaltata, le scelte degli spettacoli, i maestri coinvolti, le tipologie di esperienze proposte sono accuratamente costruite come un mosaico di arte dal vivo, per trasmettere un senso compiuto del piacere della bellezza per i partecipanti. Un\u2019iniziativa, sostenuta dal Comune di San Lucido e dalla Pro Loco del comune cosentino, e un progetto globale, nato dall\u2019intuizione di tre donne, Loredana Ruggeri, Francesca Stocchi e Sophie Ravel, che nel 2021 hanno creato una startup per un nuovo format di sviluppo turistico sostenibile in Italia e nel mondo, partendo proprio da San Lucido.<\/p>\n<p><strong>IL FLAMENCO<\/strong><\/p>\n<p>Come lo scorso anno, il Flamenco sar\u00e0 tra i veri protagonisti assoluti. Le guest star saranno Olga Pericet e Marco Flores, prestigiosi rappresentanti di un baile virtuoso, creativo, rispettoso della tradizione ma, nel contempo, aperto ad esplorazioni inedite. Dopo le masterclass in programma nei giorni del Festival, alcune gi\u00e0 sold out, i due artisti mercoled\u00ec 26 luglio saliranno insieme sul palco per esplorare un processo creativo nato da un lungo percorso artistico, nel quale si sono spesso incontrati, creando uno straordinario linguaggio intimo ed esclusivo. Saranno accompagnati dalla potente voce di Mercedes Cortes e dalla chitarra di Jos\u00e9 Almarcha. Uno spettacolo da non perdere, unica data in Italia.<br \/>\nNon mancheranno le attesissime masterclass di chitarra flamenca di Manuel Montero, di baile con Loredana Ruggeri, Francesca Stocchi e Virginia Veltri, di cajon con Francesco Perrotta.<\/p>\n<p><strong>LE TRADIZIONI<\/strong><\/p>\n<p>Tornano i coinvolgenti laboratori della tradizione legati a musiche, canti, balli, dialetto e accenti \u2018alla lucitana\u2019 con Alessandro Sessa, Vincenzo Cesario, Francesco de Luca, Marco Guglielmi, Giovanni Squilaccioti. In programma anche i corsi di ceramica (a cura di Milena Cosentino e Marilena Malito) e di liuteria con Diego Filippo. Perch\u00e9 San Lucido ha una ricca tradizione, proposta in questa occasione in forma quasi inedita, un tuffo nella cultura pi\u00f9 profonda del paese e nei rituali tipici della zona del tirreno cosentino.<\/p>\n<p><strong>L\u2019ENOGASTRONOMIA<\/strong><\/p>\n<p>Novit\u00e0 di quest\u2019anno sar\u00e0 un intero percorso enogastronomico, con vari laboratori, come quello dedicato al gelato alla mandorla creato dalle mani sapienti del maestro Renato Marchese della gelateria La Mandorla. Ci sar\u00e0 spazio per i cocktail di Francesca Coccimiglio del Vida Loca Cafe, i piatti di chef Agriarmonia e di Francesca Frangella. Particolarmente interessante sar\u00e0 la collaborazione con AIS Calabria, Associazione Italiana Sommelier, in una tre giorni dal titolo Calabria Wine Tour IN 9 BOTTIGLIE alla scoperta dei vini della regione.<\/p>\n<p><strong>LA NATURA<\/strong><\/p>\n<p>Ed ecco gli appuntamenti da vivere in simbiosi con il territorio ed il suo ambiente naturale. Il Cammino Lucitano \u00e8 un\u2019escursione proposta dall&#8217; Associazione Nature Lovers (Emozioni in Movimento. Dal Corpo allo Spirito) il 27 luglio in un tragitto panoramico e suggestivo, con sguardo che spazia dal mare alle montagne. Il 28 Luglio Arteinvivo ha programmato uno speciale pomeriggio alla Casa Rural, un antico solco immerso in un querceto secolare dove poter passeggiare e molte altre sorprese da scoprire. A chiudere il Festival, il 29 luglio, la visita all\u2019Eremo di Santa Maria del Monte Persano, un modo di ricordare che San Lucido \u00e8 anche montagna e terra di pellegrinaggio e meditazione. A conclusione una grande festa serale di puro intrattenimento con i gruppi di danza amatoriale con tutti gli artisti, i partecipanti dei workshop e tutti i residenti del paese.<\/p>\n<p><strong>Marco Flores<\/strong><\/p>\n<p>Vincitore del premio Miglior interprete maschile di Danza con il suo spettacolo Origine del 2020, Marco Flores (Arcos de la Frontera, 1981) \u00e8 un punto di riferimento del baile flamenco puro. Non proviene da una stirpe flamenca ma da una famiglia di grandi aficionados, una casa dove c&#8217;era sempre un cante e una chitarra. A sette anni comincia a suonare la chitarra ma non c\u2019era la possibilit\u00e0 economica di iscriverlo al conservatorio. A sedici anni d\u00e0 a suo padre la delusione del secolo: \u201cAbbandonai la scuola al terzo trimestre dell&#8217;ultimo anno, poco prima di entrare all&#8217;universit\u00e0\u201d racconta Flores. Aveva scoperto la sua passione per il baile flamenco e non solo lasci\u00f2 la scuola ma anche lo studio della chitarra per iscriversi ad un corso di baile. Negli anni passatiil percorso di crescita per i ballerini di flamenco era pi\u00f9 semplice:Flores ricorda che \u00e8 riuscito a crescere come bailaor accademico e professionale grazie alla possibilit\u00e0 di fare esperienza nelle compagnie professionali mentre studiava. In questi anni di semiprofessionalit\u00e0 l&#8217;occasione arriv\u00f2 tramite Luis Adame, proprietario del tablaoElCordob\u00e8s, a Barcellona. Dopo il corpo di ballo di Sara Baras e quello di Rafaela Carrasco, nel 2010 Flores forma la sua compagnia. Nel suo curriculum il Premio Nazionale del Flamenco, il Premio della Critica del Festival di Jerez nel 2012, quello dell&#8217;OjoCr\u00edtico della danza nel 2018.Nominato tra gli artisti di maggiore successo della sedicesima edizione della SumaFlamenca, celebrato nella rete della comunit\u00e0 dei teatri di Madrid, dove ha presentato il suo ultimo spettacolo Sota, caballo y reina.<\/p>\n<p><strong>Olga Pericet<\/strong><\/p>\n<p>Artista internazionale, la bailaora e coreografa Olga Pericet condivide la sua arte con il pubblico dei principali festival e teatri del mondo. Prende dalla tradizione e si tuffa nell&#8217;abisso del mai visto con spettacoli in cui sperimemta un flamenco di opposti: oscuro e luminoso, femminile e maschile, inquietante e bello.Nel 2018 ha ricevuto il National Dance Award nella modalit\u00e0 Interpretation per &#8220;la sua capacit\u00e0 di combinare le diverse discipline della danza spagnola, aggiornandole in un linguaggio interpretativo con il proprio timbro&#8221; e per &#8220;la sua versatilit\u00e0 scenica e la sua preziosa capacit\u00e0 di trasmissione&#8221;. La sua carriera \u00e8 iniziata a C\u00f3rdoba, sua citt\u00e0 natale. Diplomata al Conservatorio Professionale Luis del R\u00edo, ha studiato alla MaicaMoyanoCertified School e si \u00e8 formata in flamenco, folklore, bowling e scuola classica con insegnanti del calibro di Matilde Coral, Manolo Mar\u00edn, ConchaCalero, Crist\u00f3bal Reyes, Juanjo Linares, Pedro Azor\u00edn, EloyPericet, Julio Pr\u00edncipe o Jos\u00e9 Fienile, tra gli altri. \u00c8 stata solista e artista ospite con compagnie come Rafaela Carrasco, Nuevo Ballet Espa\u00f1ol, Arrieritos, Miguel \u00c1ngel Berna, Teresa Nieto, Bel\u00e9n Maya e il Balletto Nazionale di Spagna. Il suo lavoro pi\u00f9 recente \u00e8 La Leona, brano in cui viaggia alle origini del flamenco attraverso la simbologia de &#8220;la leona&#8221;, la famosa chitarra di Antonio de Torres che potrebbe essere considerata il primo prototipo di chitarra spagnola e flamenca.<\/p>\n","protected":false},"excerpt":{"rendered":"<p>SAN LUCIDO (CS) &#8211; Pi\u00f9 che una vacanza, ArteInVivoFestival \u00e8 un\u2019esperienza, l\u2019emozione che rester\u00e0 impressa nella mente e nel cuore. \u00c8 proprio per cercare di vivere pienamente quell\u2019esperienza, dopo il successo dell\u2019edizione passata, torna in Calabria \u2018ArteInVivo Festival 2023\u2019: sei giorni di arte, spettacoli, concerti, corsi specialistici, percorsi enogastronomici e naturali, dal 24 al 29 [&hellip;]<\/p>\n","protected":false},"author":42,"featured_media":205244,"comment_status":"closed","ping_status":"closed","sticky":false,"template":"","format":"standard","meta":{"_acf_changed":false,"footnotes":"","jetpack_publicize_message":"","jetpack_publicize_feature_enabled":true,"jetpack_social_post_already_shared":false,"jetpack_social_options":{"image_generator_settings":{"template":"highway","default_image_id":0,"font":"","enabled":false},"version":2}},"categories":[576],"tags":[19],"class_list":["post-205243","post","type-post","status-publish","format-standard","has-post-thumbnail","hentry","category-tirreno","tag-copertina"],"acf":[],"jetpack_publicize_connections":[],"_links":{"self":[{"href":"https:\/\/quicosenza.it\/news\/wp-json\/wp\/v2\/posts\/205243","targetHints":{"allow":["GET"]}}],"collection":[{"href":"https:\/\/quicosenza.it\/news\/wp-json\/wp\/v2\/posts"}],"about":[{"href":"https:\/\/quicosenza.it\/news\/wp-json\/wp\/v2\/types\/post"}],"author":[{"embeddable":true,"href":"https:\/\/quicosenza.it\/news\/wp-json\/wp\/v2\/users\/42"}],"replies":[{"embeddable":true,"href":"https:\/\/quicosenza.it\/news\/wp-json\/wp\/v2\/comments?post=205243"}],"version-history":[{"count":0,"href":"https:\/\/quicosenza.it\/news\/wp-json\/wp\/v2\/posts\/205243\/revisions"}],"wp:featuredmedia":[{"embeddable":true,"href":"https:\/\/quicosenza.it\/news\/wp-json\/wp\/v2\/media\/205244"}],"wp:attachment":[{"href":"https:\/\/quicosenza.it\/news\/wp-json\/wp\/v2\/media?parent=205243"}],"wp:term":[{"taxonomy":"category","embeddable":true,"href":"https:\/\/quicosenza.it\/news\/wp-json\/wp\/v2\/categories?post=205243"},{"taxonomy":"post_tag","embeddable":true,"href":"https:\/\/quicosenza.it\/news\/wp-json\/wp\/v2\/tags?post=205243"}],"curies":[{"name":"wp","href":"https:\/\/api.w.org\/{rel}","templated":true}]}}