{"id":205874,"date":"2023-07-09T11:00:38","date_gmt":"2023-07-09T09:00:38","guid":{"rendered":"https:\/\/www.quicosenza.it\/news\/?p=205874"},"modified":"2023-07-09T10:57:35","modified_gmt":"2023-07-09T08:57:35","slug":"partite-iva-scadenze-fiscali-a-rate-e-addio-al-maxi-acconto-le-novita-del-ddl-delega","status":"publish","type":"post","link":"https:\/\/quicosenza.it\/news\/partite-iva-scadenze-fiscali-a-rate-e-addio-al-maxi-acconto-le-novita-del-ddl-delega\/","title":{"rendered":"Partite Iva, scadenze fiscali a rate e addio al &#8216;maxi acconto&#8217;. Le novit\u00e0 del Ddl Delega"},"content":{"rendered":"<p>ROMA &#8211; Un nuovo calendario per semplificare il carico fiscale dei contribuenti,<strong> in particolare di professionisti e imprenditori con partita Iva<\/strong>. Entra nel vivo l\u2019esame del <strong>Ddl Delega<\/strong> che domani, 10 luglio, approder\u00e0 in aula a Montecitorio.<\/p>\n<h3><strong>Ecco come potrebbero cambiare i tempi dei versamenti<\/strong><\/h3>\n<p>Il Ddl Delega, che ha iniziato il suo iter alla Camera lo scorso aprile in commissione Finanze,<strong> punta a sfoltire gli oltre 1.500 adempimenti tributari annui che fanno dell\u2019Italia il fanalino di coda<\/strong> per quanto riguarda la complessit\u00e0 del sistema fiscale. Secondo una classifica di Taxcomplexity.org in merito alla complessit\u00e0 dei sistemi fiscali su 69 Paesi<strong> l\u2019Italia \u00e8 al penultimo posto, con un handicap sull&#8217;efficienza del recupero creditizio da parte dello Stato.<\/strong><\/p>\n<p>Nell&#8217;immediato l&#8217;obiettivo per il governo<strong> \u00e8 di intervenire sulle scadenze estive.<\/strong> Il viceministro dell\u2019Economia Maurizio Leo accogliendo l\u2019appello dei commercialisti <strong>ha assicurato di voler &#8220;dare quiete ai contribuenti ad agosto, diluire i pesi fiscali, ma mantenere gli equilibri di cassa<\/strong>\u201d. Ad agosto sono in calendario circa 200 scadenze, di cui il 90% sono versamenti.<strong> Il Ddl Delega mira a prolungare l&#8217;attuale sospensione di venti giorni fino al 31 agosto rischiando per\u00f2 di generare un ingorgo fiscale<\/strong> non appena si chiudono gli ombrelloni con l\u2019inizio di settembre. Allo studio del provvedimento <strong>c&#8217;\u00e8 anche la sospensione di invio degli alert ai contribuenti liberando il mese di agosto dai ravvedimenti fiscali.<\/strong><\/p>\n<p>La riforma all&#8217;esame di Montecitorio intende arrivare a una riscrittura organica delle scadenze fiscali <strong>per le partite Iva che attualmente possono usufruire di una mini-proroga<\/strong> <strong>dei versamenti dal 20 al 31 luglio<\/strong> pagando con la maggiorazione dello 0,4%. Una prima ipotesi che prender\u00e0 corpo solo una volta approvati i decreti<strong> attuativi punta ad anticipare i termini della dichiarazione dei redditi che attualmente scadono il 30 settembre per il 730 e il 30 novembre per il modello Redditi.<\/strong> La compilazione deve tenere conto del versamento delle imposte in autoliquidazione<\/p>\n<p>Il Ddl Delega aspira ad armonizzare le scadenze fiscali ordinarie e straordinarie superando la raffica di <strong>mini-proroghe varate con la tregua fiscale.<\/strong> Pi\u00f9 in generale e non necessariamente gi\u00e0 in questo provvedimento, governo e maggioranza <strong>vogliono introdurre gradualmente la periodicit\u00e0 mensile di acconti e saldi per la partite Iva eliminando le scadenze uniche come il \u201cmaxi acconto\u201d di novembre.<\/strong><\/p>\n","protected":false},"excerpt":{"rendered":"<p>ROMA &#8211; Un nuovo calendario per semplificare il carico fiscale dei contribuenti, in particolare di professionisti e imprenditori con partita Iva. Entra nel vivo l\u2019esame del Ddl Delega che domani, 10 luglio, approder\u00e0 in aula a Montecitorio. Ecco come potrebbero cambiare i tempi dei versamenti Il Ddl Delega, che ha iniziato il suo iter alla [&hellip;]<\/p>\n","protected":false},"author":61,"featured_media":205877,"comment_status":"closed","ping_status":"closed","sticky":false,"template":"","format":"standard","meta":{"_acf_changed":false,"footnotes":"","jetpack_publicize_message":"","jetpack_publicize_feature_enabled":true,"jetpack_social_post_already_shared":false,"jetpack_social_options":{"image_generator_settings":{"template":"highway","default_image_id":0,"font":"","enabled":false},"version":2}},"categories":[16],"tags":[19],"class_list":["post-205874","post","type-post","status-publish","format-standard","has-post-thumbnail","hentry","category-italia","tag-copertina"],"acf":[],"jetpack_publicize_connections":[],"_links":{"self":[{"href":"https:\/\/quicosenza.it\/news\/wp-json\/wp\/v2\/posts\/205874","targetHints":{"allow":["GET"]}}],"collection":[{"href":"https:\/\/quicosenza.it\/news\/wp-json\/wp\/v2\/posts"}],"about":[{"href":"https:\/\/quicosenza.it\/news\/wp-json\/wp\/v2\/types\/post"}],"author":[{"embeddable":true,"href":"https:\/\/quicosenza.it\/news\/wp-json\/wp\/v2\/users\/61"}],"replies":[{"embeddable":true,"href":"https:\/\/quicosenza.it\/news\/wp-json\/wp\/v2\/comments?post=205874"}],"version-history":[{"count":0,"href":"https:\/\/quicosenza.it\/news\/wp-json\/wp\/v2\/posts\/205874\/revisions"}],"wp:featuredmedia":[{"embeddable":true,"href":"https:\/\/quicosenza.it\/news\/wp-json\/wp\/v2\/media\/205877"}],"wp:attachment":[{"href":"https:\/\/quicosenza.it\/news\/wp-json\/wp\/v2\/media?parent=205874"}],"wp:term":[{"taxonomy":"category","embeddable":true,"href":"https:\/\/quicosenza.it\/news\/wp-json\/wp\/v2\/categories?post=205874"},{"taxonomy":"post_tag","embeddable":true,"href":"https:\/\/quicosenza.it\/news\/wp-json\/wp\/v2\/tags?post=205874"}],"curies":[{"name":"wp","href":"https:\/\/api.w.org\/{rel}","templated":true}]}}