{"id":206136,"date":"2023-07-07T18:01:11","date_gmt":"2023-07-07T16:01:11","guid":{"rendered":"https:\/\/www.quicosenza.it\/news\/?p=206136"},"modified":"2023-07-07T18:01:49","modified_gmt":"2023-07-07T16:01:49","slug":"cosenza-la-consulta-intercultura-ha-il-suo-primo-presidente-e-ibrahima-deme-diop","status":"publish","type":"post","link":"https:\/\/quicosenza.it\/news\/cosenza-la-consulta-intercultura-ha-il-suo-primo-presidente-e-ibrahima-deme-diop\/","title":{"rendered":"Cosenza, la Consulta Intercultura ha il suo primo presidente: \u00e8 Ibrahima Deme Diop"},"content":{"rendered":"<p>COSENZA &#8211; <strong>Per la prima volta nella sua storia, la citt\u00e0 di Cosenza ha una Consulta Intercultura che ieri ha eletto il suo primo president<\/strong>e. Si tratta di <strong>Ibrahima Deme Diop,<\/strong> Presidente dell&#8217;Associazione Senegalesi di Cosenza &#8220;AseCo&#8221; che su 47 votanti ha riportato 38 voti.<\/p>\n<p>Alla elezione del Presidente della consulta hanno partecipato i rappresentanti delle comunit\u00e0 e delle associazioni straniere presenti sul territorio cosentino. Avevano avanzato la loro candidatura anche Neide Lopes Da Silva, unica donna in lizza, in rappresentanza della comunit\u00e0 brasiliana, Ahmed Berraou, Presidente dell&#8217;Associazione &#8220;Daawa Odv&#8221; e Fofana Mouctar, Presidente dell&#8217;Associazione &#8220;Panafrica&#8221;.<\/p>\n<p>Il Presidente della prima Consulta Intercultura della citt\u00e0 di Cosenza, Ibrahima Deme Diop, \u00e8<strong> insegnante di linguistica e mediatore culturale<\/strong>, <strong>ha la cittadinanza italiana ed \u00e8 a Cosenza dal 2013<\/strong>. Le operazioni di voto si sono tenute a Palazzo dei Bruzi nella sala vicina a quella consiliare, dove abitualmente si svolgono le sedute delle commissioni consiliari, e sono andate avanti fino alle ore 21,00 di ieri.<\/p>\n<p>La seduta della consulta Intercultura con all&#8217;ordine del giorno l&#8217;elezione del suo Presidente, \u00e8 stata presieduta, come previsto dallo Statuto e dal regolamento approvato in consiglio comunale il 31 marzo scorso, dal Presidente del Consiglio comunale Giuseppe Mazzuca che ha insediato il seggio elettorale, insieme alla Presidente della commissione consiliare servizi al cittadino, Alessandra Bresciani che si \u00e8 molto spesa per la costituzione della Consulta Intercultura.<\/p>\n<h3>&#8220;Scritta una bellissima pagina politica e sociale&#8221;<\/h3>\n<p>Apporto significativo anche quello dell&#8217;<strong>Assessore al welfare Veronica Buffone<\/strong> che ha assistito alle operazioni di voto.<\/p>\n<p>Soddisfazione \u00e8 stata espressa dal <strong>Presidente del Consiglio comunale Giuseppe Mazzuca<\/strong>. &#8220;E&#8217; stata scritta \u2013 ha commentato Mazzuca \u2013 una bellissima pagina politica e sociale che \u2013 ne siamo certi &#8211; sar\u00e0 l&#8217;inizio di una proficua collaborazione con tutte le comunit\u00e0 che risiedono nella nostra citt\u00e0, verso le quali siamo protesi ad abbracciare un confronto sempre pi\u00f9 aperto e costruttivo e che sia fondato sull&#8217;ascolto delle loro istanze e sul dialogo&#8221;.<\/p>\n<p>Palpabile anche il compiacimento di <strong>Alessandra Bresciani<\/strong>: &#8220;\u00e8 la prima volta in assoluto, dopo tanti anni che le comunit\u00e0 chiedono di essere ascoltate, che si verifica un risultato cos\u00ec importante. Il Sindaco Franz Caruso e l&#8217;Amministrazione comunale hanno fatto anche di pi\u00f9. Non solo abbiamo, insieme, ascoltato le istanze delle comunit\u00e0 straniere che vivono a Cosenza, ma <strong>abbiamo addirittura lavorato sulla costituzione di una Consulta Intercultura<\/strong> che al Sud vanta solo altri due esempi. E&#8217; chiaro che questo \u2013 ha aggiunto Alessandra Bresciani &#8211; \u00e8 solo un primo passo per poi lavorare insieme su tante tematiche che riguardano la citt\u00e0 di Cosenza e sulle quali avremo modo di confrontarci. Consideriamo questo passaggio per certi versi &#8220;epocale&#8221; l&#8217;inizio concreto di una collaborazione in grado di costruire un percorso partecipativo e delle progettualit\u00e0 comuni, in funzione di una integrazione sostanziale che coinvolga e veda protagonisti sia i cittadini stranieri, sia quelli italiani. L&#8217;obiettivo finale \u00e8 quello di allargare la Consulta sempre di pi\u00f9 e di arrivare alla costituzione di un organismo corrispondente, sia a livello provinciale che regionale&#8221;.<\/p>\n","protected":false},"excerpt":{"rendered":"<p>COSENZA &#8211; Per la prima volta nella sua storia, la citt\u00e0 di Cosenza ha una Consulta Intercultura che ieri ha eletto il suo primo presidente. Si tratta di Ibrahima Deme Diop, Presidente dell&#8217;Associazione Senegalesi di Cosenza &#8220;AseCo&#8221; che su 47 votanti ha riportato 38 voti. Alla elezione del Presidente della consulta hanno partecipato i rappresentanti [&hellip;]<\/p>\n","protected":false},"author":58,"featured_media":206140,"comment_status":"closed","ping_status":"closed","sticky":false,"template":"","format":"standard","meta":{"_acf_changed":false,"footnotes":"","jetpack_publicize_message":"","jetpack_publicize_feature_enabled":true,"jetpack_social_post_already_shared":false,"jetpack_social_options":{"image_generator_settings":{"template":"highway","default_image_id":0,"font":"","enabled":false},"version":2}},"categories":[563,42],"tags":[19],"class_list":["post-206136","post","type-post","status-publish","format-standard","has-post-thumbnail","hentry","category-area-urbana","category-cosenza","tag-copertina"],"acf":[],"jetpack_publicize_connections":[],"_links":{"self":[{"href":"https:\/\/quicosenza.it\/news\/wp-json\/wp\/v2\/posts\/206136","targetHints":{"allow":["GET"]}}],"collection":[{"href":"https:\/\/quicosenza.it\/news\/wp-json\/wp\/v2\/posts"}],"about":[{"href":"https:\/\/quicosenza.it\/news\/wp-json\/wp\/v2\/types\/post"}],"author":[{"embeddable":true,"href":"https:\/\/quicosenza.it\/news\/wp-json\/wp\/v2\/users\/58"}],"replies":[{"embeddable":true,"href":"https:\/\/quicosenza.it\/news\/wp-json\/wp\/v2\/comments?post=206136"}],"version-history":[{"count":0,"href":"https:\/\/quicosenza.it\/news\/wp-json\/wp\/v2\/posts\/206136\/revisions"}],"wp:featuredmedia":[{"embeddable":true,"href":"https:\/\/quicosenza.it\/news\/wp-json\/wp\/v2\/media\/206140"}],"wp:attachment":[{"href":"https:\/\/quicosenza.it\/news\/wp-json\/wp\/v2\/media?parent=206136"}],"wp:term":[{"taxonomy":"category","embeddable":true,"href":"https:\/\/quicosenza.it\/news\/wp-json\/wp\/v2\/categories?post=206136"},{"taxonomy":"post_tag","embeddable":true,"href":"https:\/\/quicosenza.it\/news\/wp-json\/wp\/v2\/tags?post=206136"}],"curies":[{"name":"wp","href":"https:\/\/api.w.org\/{rel}","templated":true}]}}