{"id":206289,"date":"2023-07-10T16:09:20","date_gmt":"2023-07-10T14:09:20","guid":{"rendered":"https:\/\/www.quicosenza.it\/news\/?p=206289"},"modified":"2023-07-10T16:09:20","modified_gmt":"2023-07-10T14:09:20","slug":"amaco-caruso-primi-passi-per-salvare-il-trasporto-pubblico-e-il-lavoro-di-133-padri-di-famiglia","status":"publish","type":"post","link":"https:\/\/quicosenza.it\/news\/amaco-caruso-primi-passi-per-salvare-il-trasporto-pubblico-e-il-lavoro-di-133-padri-di-famiglia\/","title":{"rendered":"Amaco, Caruso: \u00abprimi passi per salvare il trasporto pubblico e il lavoro di 133 padri di famiglia\u00bb"},"content":{"rendered":"<p>COSENZA &#8211; L&#8217;assemblea della A.M.A.C.O SPA, svoltasi nei giorni scorsi alla presenza del sindaco, Franz Caruso, ha approvato il progetto di bilancio al 31 dicembre 2023.<\/p>\n<p>Nella stessa assemblea il dottor Michelangelo Mastrolorenzo h<strong>a relazionato, all&#8217;azionista ed al Collegio Sindacale, nel merito delle poste di bilancio, che rispecchiano l&#8217;operazione di verit\u00e0 sui conti della societ\u00e0<\/strong>, fortemente voluta dall&#8217;amministrazione comunale e dal sindaco Franz Caruso, ed ha compiutamente illustrato le linee guida della proposta <strong>di concordato presentata dalla societ\u00e0 che, dopo aver ottenuto l&#8217;ammissibilit\u00e0 alla procedura, ha trovato il parere favorevole della maggioranza delle classi<\/strong> in cui erano stati ripartiti i creditori, eccezion fatta per l&#8217;Agenzia delle Entrate e degli Enti di Previdenza ed Assicurativi.<\/p>\n<p>&#8220;Ben comprendendo l&#8217;enorme sacrificio che la proposta prevede per tali creditori \u2013 \u00e8 stato affermato nel corso dell&#8217;assemblea &#8211; <strong>non si comprende l&#8217;ottica dell&#8217;Agenzia delle Entrate e degli Enti di Previdenza ed Assicurativi i quali, difronte alla certa prospettiva di non recuperare alcun credito da una Liquidazione Giudiziale di Amaco<\/strong>, non hanno ben ponderato il valore della Proposta concorsuale presentata dalla Societ\u00e0 che, per quanto pochi rispetto al credito vantato, assicura agli Enti Statali introiti per oltre 1 milione di Euro&#8221;. L&#8217;Amministratore di Amaco ha anche comunicato di aver dato mandato ai legali che assistono la societ\u00e0<strong>, visto l&#8217;esito del voto, di presentare in Tribunale l&#8217;istanza per l&#8217;omologa per il Piano di concordato preventivo<\/strong>.<\/p>\n<p>&#8220;<strong>Siamo sulla buona strada per salvare Amaco dal disastro in cui \u00e8 stata lasciata, che rischiava di bloccare il servizio di trasporto pubblico locale<\/strong> e metteva a repentaglio il futuro lavorativo di ben 133 padri di famiglia&#8221;. E&#8217; quanto afferma il sindaco Franz Caruso esprimendo soddisfazione per com&#8217;\u00e8 stata gestita la crisi in cui versava Amaco, c<strong>ulminata con la richiesta di Liquidazione Giudiziale doverosamente avanzata dalla Procura di Cosenza<\/strong>, e per aver raggiunto quello che si considera essere il primo di una serie di importanti obiettivi. &#8220;Con il Piano di concordato preventivo in continuit\u00e0 \u2013 incalza il sindaco Franz Caruso &#8211; no<strong>n viene interrotto il servizio di trasporto pubblico locale e non vengono licenziati i lavoratori, rimanendo sostanzialmente inalterata la situazione sotto il profilo operativo<\/strong>, con la possibilit\u00e0, per\u00f2, di sanarla dal punto di vista economico, pur se con enormi sacrifici e non senza difficolt\u00e0. Amaco \u00e8 una realt\u00e0 storica della nostra citt\u00e0 che merita di essere salvata. Lo meritano i cittadini e lo meritano le maestranze che ci lavorano.<\/p>\n<p>In tale ottica, ho sensibilizzato, ed ancor pi\u00f9 lo far\u00f2, la Regione Calabria perch\u00e9 si adoperi per far <strong>conseguire ad AMACO nel minor tempo possibile e per il tramite del consorzio Cometra, concessionario del servizio di TPL<\/strong>, il pagamento dei corrispettivi maturati a fronte delle prestazioni rese onde consentire alla societ\u00e0 di essere puntuale con i propri impegni e di poter attuare il Piano di Risanamento per come proposto. Ho anche ricordato al Presidente delle Regione Calabria gli impegni assunti per sostenere l&#8217;Amaco, ai quali confido sia data conferma e priorit\u00e0.<strong> Lo merita Amaco e lo meritano Cosenza ed i cosentini&#8221;. <\/strong>&#8220;Per quanto ci riguarda \u2013 conclude il sindaco Franz Caruso \u2013 al passaggio in giudicato del decreto di omologa,<strong> si dar\u00e0 seguito a tutte quelle attivit\u00e0 tecnico amministrative necessarie a rafforzare la struttura patrimoniale di A.M.A.C.O SPA,<\/strong> che, ribadisco, rappresenta un asset strategico per l&#8217;Ente&#8221;.<\/p>\n","protected":false},"excerpt":{"rendered":"<p>COSENZA &#8211; L&#8217;assemblea della A.M.A.C.O SPA, svoltasi nei giorni scorsi alla presenza del sindaco, Franz Caruso, ha approvato il progetto di bilancio al 31 dicembre 2023. Nella stessa assemblea il dottor Michelangelo Mastrolorenzo ha relazionato, all&#8217;azionista ed al Collegio Sindacale, nel merito delle poste di bilancio, che rispecchiano l&#8217;operazione di verit\u00e0 sui conti della societ\u00e0, [&hellip;]<\/p>\n","protected":false},"author":61,"featured_media":194865,"comment_status":"closed","ping_status":"closed","sticky":false,"template":"","format":"standard","meta":{"_acf_changed":false,"footnotes":"","jetpack_publicize_message":"","jetpack_publicize_feature_enabled":true,"jetpack_social_post_already_shared":false,"jetpack_social_options":{"image_generator_settings":{"template":"highway","default_image_id":0,"font":"","enabled":false},"version":2}},"categories":[563,42],"tags":[19],"class_list":["post-206289","post","type-post","status-publish","format-standard","has-post-thumbnail","hentry","category-area-urbana","category-cosenza","tag-copertina"],"acf":[],"jetpack_publicize_connections":[],"_links":{"self":[{"href":"https:\/\/quicosenza.it\/news\/wp-json\/wp\/v2\/posts\/206289","targetHints":{"allow":["GET"]}}],"collection":[{"href":"https:\/\/quicosenza.it\/news\/wp-json\/wp\/v2\/posts"}],"about":[{"href":"https:\/\/quicosenza.it\/news\/wp-json\/wp\/v2\/types\/post"}],"author":[{"embeddable":true,"href":"https:\/\/quicosenza.it\/news\/wp-json\/wp\/v2\/users\/61"}],"replies":[{"embeddable":true,"href":"https:\/\/quicosenza.it\/news\/wp-json\/wp\/v2\/comments?post=206289"}],"version-history":[{"count":0,"href":"https:\/\/quicosenza.it\/news\/wp-json\/wp\/v2\/posts\/206289\/revisions"}],"wp:featuredmedia":[{"embeddable":true,"href":"https:\/\/quicosenza.it\/news\/wp-json\/wp\/v2\/media\/194865"}],"wp:attachment":[{"href":"https:\/\/quicosenza.it\/news\/wp-json\/wp\/v2\/media?parent=206289"}],"wp:term":[{"taxonomy":"category","embeddable":true,"href":"https:\/\/quicosenza.it\/news\/wp-json\/wp\/v2\/categories?post=206289"},{"taxonomy":"post_tag","embeddable":true,"href":"https:\/\/quicosenza.it\/news\/wp-json\/wp\/v2\/tags?post=206289"}],"curies":[{"name":"wp","href":"https:\/\/api.w.org\/{rel}","templated":true}]}}