{"id":206303,"date":"2023-07-10T20:00:54","date_gmt":"2023-07-10T18:00:54","guid":{"rendered":"https:\/\/www.quicosenza.it\/news\/?p=206303"},"modified":"2023-07-10T19:14:41","modified_gmt":"2023-07-10T17:14:41","slug":"scala-coeli-svuotamento-percolato-in-corso-sopralluogo-regionale-dei-sindaci-del-territorio","status":"publish","type":"post","link":"https:\/\/quicosenza.it\/news\/scala-coeli-svuotamento-percolato-in-corso-sopralluogo-regionale-dei-sindaci-del-territorio\/","title":{"rendered":"Scala Coeli, svuotamento percolato in corso: sopralluogo regionale dei sindaci del territorio"},"content":{"rendered":"<p>CARIATI (CS) \u2013 &#8220;Discarica di Scala Coeli,<strong> i sindaci del territorio stanno lavorando in squadra per la sicurezza di tutti e sono attenti ed impegnati, insieme a tutte le altre istituzioni sovracomunali competenti<\/strong>, per la soluzione celere ed efficace del problema purtroppo verificatosi. Il nostro mare resta assolutamente balneabile cos\u00ec come hanno confermato le analisi chimiche, fisiche e batteriologiche eseguita dall&#8217;Arpacal. Non vi \u00e8 alcun pericolo per nessuno, cos\u00ec come ribadito attraverso la revoca delle ordinanze sindacali di divieto di balneazione. <strong>Non serve quindi alcun allarmismo, ma solo impegno ecologico diffuso, quotidiano e senza sconti per nessuno<\/strong>&#8220;.<\/p>\n<p>\u00c8 quanto dichiarano i sindaci di<strong> Cariati Cataldo Min\u00f2, di Crucoli Cataldo Librandi, di Terravecchia Paolo Pignataro e di Scala Coeli Giovanni Matalone<\/strong> che nella giornata di ieri (domenica 9 luglio) hanno partecipato al sopralluogo<strong> tecnico predisposto ed effettuato dal dipartimento ambiente della Regione Calabria<\/strong> sul sito interessato dall&#8217;emergenza in contrada Pipino.<\/p>\n<p><strong>Il sopralluogo \u00e8 stato coordinato dal direttore generale del dipartimento Salvatore Siviglia insieme al direttore scientifico dell&#8217;Arpacal Michelangelo Iannone<\/strong> ed alla presenza dell&#8217;amministratore unico della Bieco Srl, societ\u00e0 titolare della discarica in questione, Eugenio Pulignano. In aderenza e sostegno alle verifiche approfondite volute dallo stesso Presidente della Regione Roberto Occhiuto ed a quelle predisposte dall&#8217;Arpacal su incarico della Procura dell Repubblica di Catanzaro,<strong> i Primi Cittadini hanno voluto presenziare al sopralluogo regionale per verificare direttamente la corretta prosecuzione del programma di svuotamento del percolato secondo il cronoprogramma stabilito<\/strong>.<\/p>\n<p><img loading=\"lazy\" decoding=\"async\" class=\"wp-image-206305 aligncenter\" src=\"https:\/\/quicosenza.it\/news\/wp-content\/uploads\/2023\/07\/CARIATI-SINDACIDISCARICA-2.jpeg\" alt=\"\" width=\"465\" height=\"262\" title=\"\" srcset=\"https:\/\/quicosenza.it\/news\/wp-content\/uploads\/2023\/07\/CARIATI-SINDACIDISCARICA-2.jpeg 1600w, https:\/\/quicosenza.it\/news\/wp-content\/uploads\/2023\/07\/CARIATI-SINDACIDISCARICA-2-300x169.jpeg 300w, https:\/\/quicosenza.it\/news\/wp-content\/uploads\/2023\/07\/CARIATI-SINDACIDISCARICA-2-1024x576.jpeg 1024w, https:\/\/quicosenza.it\/news\/wp-content\/uploads\/2023\/07\/CARIATI-SINDACIDISCARICA-2-768x432.jpeg 768w, https:\/\/quicosenza.it\/news\/wp-content\/uploads\/2023\/07\/CARIATI-SINDACIDISCARICA-2-1536x864.jpeg 1536w, https:\/\/quicosenza.it\/news\/wp-content\/uploads\/2023\/07\/CARIATI-SINDACIDISCARICA-2-150x84.jpeg 150w, https:\/\/quicosenza.it\/news\/wp-content\/uploads\/2023\/07\/CARIATI-SINDACIDISCARICA-2-696x392.jpeg 696w, https:\/\/quicosenza.it\/news\/wp-content\/uploads\/2023\/07\/CARIATI-SINDACIDISCARICA-2-1068x601.jpeg 1068w, https:\/\/quicosenza.it\/news\/wp-content\/uploads\/2023\/07\/CARIATI-SINDACIDISCARICA-2-747x420.jpeg 747w\" sizes=\"auto, (max-width: 465px) 100vw, 465px\" \/><\/p>\n<p>La Regione Calabria ha colto l&#8217;occasione per ribadire che, ultimata la fase di svuotamento, si proceder\u00e0 <strong>alla caratterizzazione ed alla bonifica del sito. La vicenda sotto controllo della discarica di Scala Coeli \u2013 sottolineano i sindaci di Cariati, Terravecchia, Scala Coeli e Crucoli<\/strong> \u2013 non pu\u00f2 in ogni caso diventare l&#8217;unica questione ambientale oggetto di attenzione pubblica. Serve un monitoraggio territoriale a 360 gradi, cos\u00ec come sta cercando di dimostrare lo stesso Presidente Occhiuto.<strong> \u00c8 dei giorni scorsi \u2013 ricordano \u2013 l&#8217;ordinanza regionale attraverso la quale i comuni vengono intimati a verificare ed a comunicare la presenza di eventuali bozzi e scarichi abusivi,<\/strong> il funzionamento e l&#8217;idoneit\u00e0 delle vasche a tenuta stagna non dotate di autorizzazione allo scarico; nonch\u00e9 di verificare nelle zone servite dalla rete fognaria pubblica l&#8217;eventuale presenza di utenze obbligate <strong>all&#8217;allacciamento e non ancora collegate alla rete cos\u00ec come la corretta gestione di rifiuti speciali quali liquame<\/strong> presso impianto idoneo e dotato delle necessarie autorizzazioni.<\/p>\n<p><img loading=\"lazy\" decoding=\"async\" class=\"wp-image-206306 aligncenter\" src=\"https:\/\/quicosenza.it\/news\/wp-content\/uploads\/2023\/07\/CARIATI-SINDACIDISCARICA-3.jpeg\" alt=\"\" width=\"491\" height=\"276\" title=\"\" srcset=\"https:\/\/quicosenza.it\/news\/wp-content\/uploads\/2023\/07\/CARIATI-SINDACIDISCARICA-3.jpeg 1600w, https:\/\/quicosenza.it\/news\/wp-content\/uploads\/2023\/07\/CARIATI-SINDACIDISCARICA-3-300x169.jpeg 300w, https:\/\/quicosenza.it\/news\/wp-content\/uploads\/2023\/07\/CARIATI-SINDACIDISCARICA-3-1024x576.jpeg 1024w, https:\/\/quicosenza.it\/news\/wp-content\/uploads\/2023\/07\/CARIATI-SINDACIDISCARICA-3-768x432.jpeg 768w, https:\/\/quicosenza.it\/news\/wp-content\/uploads\/2023\/07\/CARIATI-SINDACIDISCARICA-3-1536x864.jpeg 1536w, https:\/\/quicosenza.it\/news\/wp-content\/uploads\/2023\/07\/CARIATI-SINDACIDISCARICA-3-150x84.jpeg 150w, https:\/\/quicosenza.it\/news\/wp-content\/uploads\/2023\/07\/CARIATI-SINDACIDISCARICA-3-696x392.jpeg 696w, https:\/\/quicosenza.it\/news\/wp-content\/uploads\/2023\/07\/CARIATI-SINDACIDISCARICA-3-1068x601.jpeg 1068w, https:\/\/quicosenza.it\/news\/wp-content\/uploads\/2023\/07\/CARIATI-SINDACIDISCARICA-3-747x420.jpeg 747w\" sizes=\"auto, (max-width: 491px) 100vw, 491px\" \/><\/p>\n<p>Perch\u00e9 la tutela dell&#8217;ambiente \u2013 concludono Min\u00f2, Librandi, Pignataro e Matalone \u2013 \u00e8 e deve essere considerata assunzione di responsabilit\u00e0 collettiva e trasversale ed impegno quotidiano in tutte le direzioni, tanto delle istituzioni regionali, provinciali e comunali quanto delle comunit\u00e0 locali, nella consapevolezza che nessuna distrazione in merito pu\u00f2 pi\u00f9 essere tollerata perch\u00e9 incompatibile con lo sviluppo ecosostenibile e durevole della nostra regione.<\/p>\n","protected":false},"excerpt":{"rendered":"<p>CARIATI (CS) \u2013 &#8220;Discarica di Scala Coeli, i sindaci del territorio stanno lavorando in squadra per la sicurezza di tutti e sono attenti ed impegnati, insieme a tutte le altre istituzioni sovracomunali competenti, per la soluzione celere ed efficace del problema purtroppo verificatosi. Il nostro mare resta assolutamente balneabile cos\u00ec come hanno confermato le analisi [&hellip;]<\/p>\n","protected":false},"author":61,"featured_media":206304,"comment_status":"closed","ping_status":"closed","sticky":false,"template":"","format":"standard","meta":{"_acf_changed":false,"footnotes":"","jetpack_publicize_message":"","jetpack_publicize_feature_enabled":true,"jetpack_social_post_already_shared":false,"jetpack_social_options":{"image_generator_settings":{"template":"highway","default_image_id":0,"font":"","enabled":false},"version":2}},"categories":[28],"tags":[19],"class_list":["post-206303","post","type-post","status-publish","format-standard","has-post-thumbnail","hentry","category-provincia","tag-copertina"],"acf":[],"jetpack_publicize_connections":[],"_links":{"self":[{"href":"https:\/\/quicosenza.it\/news\/wp-json\/wp\/v2\/posts\/206303","targetHints":{"allow":["GET"]}}],"collection":[{"href":"https:\/\/quicosenza.it\/news\/wp-json\/wp\/v2\/posts"}],"about":[{"href":"https:\/\/quicosenza.it\/news\/wp-json\/wp\/v2\/types\/post"}],"author":[{"embeddable":true,"href":"https:\/\/quicosenza.it\/news\/wp-json\/wp\/v2\/users\/61"}],"replies":[{"embeddable":true,"href":"https:\/\/quicosenza.it\/news\/wp-json\/wp\/v2\/comments?post=206303"}],"version-history":[{"count":0,"href":"https:\/\/quicosenza.it\/news\/wp-json\/wp\/v2\/posts\/206303\/revisions"}],"wp:featuredmedia":[{"embeddable":true,"href":"https:\/\/quicosenza.it\/news\/wp-json\/wp\/v2\/media\/206304"}],"wp:attachment":[{"href":"https:\/\/quicosenza.it\/news\/wp-json\/wp\/v2\/media?parent=206303"}],"wp:term":[{"taxonomy":"category","embeddable":true,"href":"https:\/\/quicosenza.it\/news\/wp-json\/wp\/v2\/categories?post=206303"},{"taxonomy":"post_tag","embeddable":true,"href":"https:\/\/quicosenza.it\/news\/wp-json\/wp\/v2\/tags?post=206303"}],"curies":[{"name":"wp","href":"https:\/\/api.w.org\/{rel}","templated":true}]}}