{"id":206366,"date":"2023-07-14T12:00:40","date_gmt":"2023-07-14T10:00:40","guid":{"rendered":"https:\/\/www.quicosenza.it\/news\/?p=206366"},"modified":"2023-07-16T11:39:17","modified_gmt":"2023-07-16T09:39:17","slug":"una-rete-tra-enti-in-favore-dei-bambini-sordi-accordo-per-facilitare-linclusione-a-scuola","status":"publish","type":"post","link":"https:\/\/quicosenza.it\/news\/una-rete-tra-enti-in-favore-dei-bambini-sordi-accordo-per-facilitare-linclusione-a-scuola\/","title":{"rendered":"Una rete tra enti in favore dei bambini sordi, accordo per facilitare l&#8217;inclusione a scuola"},"content":{"rendered":"<p>CATANARO &#8211; E&#8217; stata firmata, nella sede dell&#8217;assessorato alle Politiche sociali della Regione Calabria, la convenzione per la realizzazione del progetto <strong>\u201cInclusione bambini sordi nella scuola Mom e bilinguismo Lis\/Lingua italiana<\/strong>\u201d, tra l&#8217;Ente nazionale per la protezione e l&#8217;assistenza dei sordi Ets Aps (Ens) e la Mom \u2013 Nido e Casa dei Bambini Montessori <strong>Montalto Uffugo<\/strong> (CS).<\/p>\n<p>Il progetto ha come obiettivo sostenere la lingua dei segni quale strumento essenziale per abbattere le \u201cbarriere comunicative\u201d. La <strong>LIS<\/strong> non \u00e8 una forma abbreviata di italiano, ma una lingua con proprie regole grammaticali, sintattiche, morfologiche e lessicali che, come tutte le lingue, ha un lessico in costante evoluzione e regole che consentono di \u201csegnare\u201d qualsiasi argomento, dal pi\u00f9 concreto al pi\u00f9 astratto.<\/p>\n<p>\u201cSono felice \u2013 ha dichiarato l\u2019assessore alle Politiche sociali Emma Staine \u2013 di aver messo in contatto queste due realt\u00e0 e di aver presenziato alla nascita di questo importante progetto. Questo \u00e8 un esempio positivo del fare rete, quando il welfare diventa realmente strumento di inclusione sociale\u201d.<\/p>\n<p>\u00c8 assolutamente importante fornire strumenti, sin dalla prima infanzia, ai bambini nati sordi o con una sordit\u00e0 acquisita nei primi anni di vita. La lingua parlata e scritta \u00e8 un processo complesso che richiede anni di terapia logopedica, oltre ad una precoce protesizzazione e ad un lungo e faticoso percorso educativo, per il bimbo e per la sua famiglia. \u00c8 peraltro scientificamente dimostrato come il successo scolastico sia maggiore nei ragazzi sordi che acquisiscono la lingua dei segni come prima lingua. Per il bambino sordo, infatti, \u00e8 fondamentale far propri gli strumenti della comunicazione per garantire il sereno e completo sviluppo socio-affettivo e cognitivo.<\/p>\n<p>La lingua dei segni permette ai piccoli di acquisire rapidamente e naturalmente una lingua con la quale comunicare con l\u2019ambiente e le figure che li circondano, a partire dai genitori, essendo strumento primario di apprendimento di contenuti.<\/p>\n","protected":false},"excerpt":{"rendered":"<p>CATANARO &#8211; E&#8217; stata firmata, nella sede dell&#8217;assessorato alle Politiche sociali della Regione Calabria, la convenzione per la realizzazione del progetto \u201cInclusione bambini sordi nella scuola Mom e bilinguismo Lis\/Lingua italiana\u201d, tra l&#8217;Ente nazionale per la protezione e l&#8217;assistenza dei sordi Ets Aps (Ens) e la Mom \u2013 Nido e Casa dei Bambini Montessori Montalto [&hellip;]<\/p>\n","protected":false},"author":42,"featured_media":206367,"comment_status":"closed","ping_status":"closed","sticky":false,"template":"","format":"standard","meta":{"_acf_changed":false,"footnotes":"","jetpack_publicize_message":"","jetpack_publicize_feature_enabled":true,"jetpack_social_post_already_shared":false,"jetpack_social_options":{"image_generator_settings":{"template":"highway","default_image_id":0,"font":"","enabled":false},"version":2}},"categories":[17],"tags":[19],"class_list":["post-206366","post","type-post","status-publish","format-standard","has-post-thumbnail","hentry","category-calabria","tag-copertina"],"acf":[],"jetpack_publicize_connections":[],"_links":{"self":[{"href":"https:\/\/quicosenza.it\/news\/wp-json\/wp\/v2\/posts\/206366","targetHints":{"allow":["GET"]}}],"collection":[{"href":"https:\/\/quicosenza.it\/news\/wp-json\/wp\/v2\/posts"}],"about":[{"href":"https:\/\/quicosenza.it\/news\/wp-json\/wp\/v2\/types\/post"}],"author":[{"embeddable":true,"href":"https:\/\/quicosenza.it\/news\/wp-json\/wp\/v2\/users\/42"}],"replies":[{"embeddable":true,"href":"https:\/\/quicosenza.it\/news\/wp-json\/wp\/v2\/comments?post=206366"}],"version-history":[{"count":0,"href":"https:\/\/quicosenza.it\/news\/wp-json\/wp\/v2\/posts\/206366\/revisions"}],"wp:featuredmedia":[{"embeddable":true,"href":"https:\/\/quicosenza.it\/news\/wp-json\/wp\/v2\/media\/206367"}],"wp:attachment":[{"href":"https:\/\/quicosenza.it\/news\/wp-json\/wp\/v2\/media?parent=206366"}],"wp:term":[{"taxonomy":"category","embeddable":true,"href":"https:\/\/quicosenza.it\/news\/wp-json\/wp\/v2\/categories?post=206366"},{"taxonomy":"post_tag","embeddable":true,"href":"https:\/\/quicosenza.it\/news\/wp-json\/wp\/v2\/tags?post=206366"}],"curies":[{"name":"wp","href":"https:\/\/api.w.org\/{rel}","templated":true}]}}