{"id":206415,"date":"2023-07-11T19:27:05","date_gmt":"2023-07-11T17:27:05","guid":{"rendered":"https:\/\/www.quicosenza.it\/news\/?p=206415"},"modified":"2023-07-11T19:34:21","modified_gmt":"2023-07-11T17:34:21","slug":"a-cosenza-coldiretti-ha-presentato-il-corso-di-alta-formazione-in-fiscalita-in-agricola","status":"publish","type":"post","link":"https:\/\/quicosenza.it\/news\/a-cosenza-coldiretti-ha-presentato-il-corso-di-alta-formazione-in-fiscalita-in-agricola\/","title":{"rendered":"A Cosenza Coldiretti ha presentato il Corso di Alta Formazione in Fiscalit\u00e0 in Agricola"},"content":{"rendered":"<p>COSENZA &#8211; Si terr\u00e0 in Calabria e pi\u00f9 precisamente a Cosenza, il primo in Italia, un <strong>corso di Alta Formazione sulla \u201cFiscalit\u00e0 Agricola\u201d.<\/strong> Il corso \u00e8 stato pensato da Coldiretti Calabria ed \u00e8 stato presentato alla Camera di Commercio di Cosenza, e vedr\u00e0 la diretta collaborazione del Dipartimento di Scienze aziendali e giuridiche dell\u2019Universit\u00e0 della Calabria. Una iniziativa che ha visto prontamente l\u2019Unical raccogliere le esigenze sempre pi\u00f9 specialistiche e avanzate richieste dall\u2019agricoltura e dall\u2019agroalimentare calabrese.<\/p>\n<p>&nbsp;<\/p>\n<p>\u201cMomenti come questi \u2013 ha spiegato il presidente nazionale di Coldiretti,<strong> Ettore Prandini<\/strong>, presente per l\u2019occasione &#8211; \u00a0servono proprio a favorire la conoscenza e le opportunit\u00e0 che ci possono essere, legate ovviamente a quelle che sono gli sviluppi delle attivit\u00e0 produttive sul mercato interno, oltre le tante possibilit\u00e0 legate anche l&#8217;internazionalizzazione che rappresentano un elemento di carattere strategico per la crescita di un comparto come l\u2019Agricoltura, che \u00e8 sempre pi\u00f9 significativo per il valore economico del paese, Italia\u201d.<\/p>\n","protected":false},"excerpt":{"rendered":"<p>COSENZA &#8211; Si terr\u00e0 in Calabria e pi\u00f9 precisamente a Cosenza, il primo in Italia, un corso di Alta Formazione sulla \u201cFiscalit\u00e0 Agricola\u201d. Il corso \u00e8 stato pensato da Coldiretti Calabria ed \u00e8 stato presentato alla Camera di Commercio di Cosenza, e vedr\u00e0 la diretta collaborazione del Dipartimento di Scienze aziendali e giuridiche dell\u2019Universit\u00e0 della [&hellip;]<\/p>\n","protected":false},"author":59,"featured_media":206416,"comment_status":"closed","ping_status":"closed","sticky":false,"template":"","format":"video","meta":{"_acf_changed":false,"footnotes":"","jetpack_publicize_message":"","jetpack_publicize_feature_enabled":true,"jetpack_social_post_already_shared":false,"jetpack_social_options":{"image_generator_settings":{"template":"highway","default_image_id":0,"font":"","enabled":false},"version":2}},"categories":[563,42],"tags":[135],"class_list":["post-206415","post","type-post","status-publish","format-video","has-post-thumbnail","hentry","category-area-urbana","category-cosenza","tag-video","post_format-post-format-video"],"acf":[],"jetpack_publicize_connections":[],"_links":{"self":[{"href":"https:\/\/quicosenza.it\/news\/wp-json\/wp\/v2\/posts\/206415","targetHints":{"allow":["GET"]}}],"collection":[{"href":"https:\/\/quicosenza.it\/news\/wp-json\/wp\/v2\/posts"}],"about":[{"href":"https:\/\/quicosenza.it\/news\/wp-json\/wp\/v2\/types\/post"}],"author":[{"embeddable":true,"href":"https:\/\/quicosenza.it\/news\/wp-json\/wp\/v2\/users\/59"}],"replies":[{"embeddable":true,"href":"https:\/\/quicosenza.it\/news\/wp-json\/wp\/v2\/comments?post=206415"}],"version-history":[{"count":0,"href":"https:\/\/quicosenza.it\/news\/wp-json\/wp\/v2\/posts\/206415\/revisions"}],"wp:featuredmedia":[{"embeddable":true,"href":"https:\/\/quicosenza.it\/news\/wp-json\/wp\/v2\/media\/206416"}],"wp:attachment":[{"href":"https:\/\/quicosenza.it\/news\/wp-json\/wp\/v2\/media?parent=206415"}],"wp:term":[{"taxonomy":"category","embeddable":true,"href":"https:\/\/quicosenza.it\/news\/wp-json\/wp\/v2\/categories?post=206415"},{"taxonomy":"post_tag","embeddable":true,"href":"https:\/\/quicosenza.it\/news\/wp-json\/wp\/v2\/tags?post=206415"}],"curies":[{"name":"wp","href":"https:\/\/api.w.org\/{rel}","templated":true}]}}