{"id":206451,"date":"2023-07-12T10:30:43","date_gmt":"2023-07-12T08:30:43","guid":{"rendered":"https:\/\/www.quicosenza.it\/news\/?p=206451"},"modified":"2023-07-12T10:51:52","modified_gmt":"2023-07-12T08:51:52","slug":"dramma-in-calabria-per-la-morte-improvvisa-di-un-giovane-calciatore","status":"publish","type":"post","link":"https:\/\/quicosenza.it\/news\/dramma-in-calabria-per-la-morte-improvvisa-di-un-giovane-calciatore\/","title":{"rendered":"Dramma in Calabria per la morte improvvisa di un giovane calciatore"},"content":{"rendered":"<p>ISOLA CAPO RIZZUTO (KR) &#8211; L&#8217;ennesima tragedia colpisce la Calabria, \u00e8 dramma ad Isola Capo Rizzuto, nel Crotonese, dove nelle scorse ore \u00e8 morto <strong>Stefano Calabretta, un calciatore del team locale<\/strong>.<\/p>\n<p>\u201cGiovane, sportivo, pieno di vita:<strong> il cuore di Stefano si \u00e8 fermato troppo presto<\/strong>. Tutta la cittadina \u00e8 scossa per la morte improvvisa di questo ragazzo di appena 35 anni e il dolore di familiari e amici \u00e8 enorme &#8211; cos\u00ec si legge sulla pagina Facebook dell\u2019amministrazione comunale di Isola Capo Rizzuto -. Il sindaco Maria Grazia Vittimberga e l\u2019amministrazione comunale tutta <strong>si stringono al forte dolore della famiglia e porgono loro le pi\u00f9 sentite condoglianze<\/strong>.<\/p>\n<p><strong>Ciao Stefano, Riposa in Pace<\/strong>!&#8221;<\/p>\n","protected":false},"excerpt":{"rendered":"<p>ISOLA CAPO RIZZUTO (KR) &#8211; L&#8217;ennesima tragedia colpisce la Calabria, \u00e8 dramma ad Isola Capo Rizzuto, nel Crotonese, dove nelle scorse ore \u00e8 morto Stefano Calabretta, un calciatore del team locale. \u201cGiovane, sportivo, pieno di vita: il cuore di Stefano si \u00e8 fermato troppo presto. Tutta la cittadina \u00e8 scossa per la morte improvvisa di [&hellip;]<\/p>\n","protected":false},"author":61,"featured_media":206452,"comment_status":"closed","ping_status":"closed","sticky":false,"template":"","format":"standard","meta":{"_acf_changed":false,"footnotes":"","jetpack_publicize_message":"","jetpack_publicize_feature_enabled":true,"jetpack_social_post_already_shared":false,"jetpack_social_options":{"image_generator_settings":{"template":"highway","default_image_id":0,"font":"","enabled":false},"version":2}},"categories":[17],"tags":[19],"class_list":["post-206451","post","type-post","status-publish","format-standard","has-post-thumbnail","hentry","category-calabria","tag-copertina"],"acf":[],"jetpack_publicize_connections":[],"_links":{"self":[{"href":"https:\/\/quicosenza.it\/news\/wp-json\/wp\/v2\/posts\/206451","targetHints":{"allow":["GET"]}}],"collection":[{"href":"https:\/\/quicosenza.it\/news\/wp-json\/wp\/v2\/posts"}],"about":[{"href":"https:\/\/quicosenza.it\/news\/wp-json\/wp\/v2\/types\/post"}],"author":[{"embeddable":true,"href":"https:\/\/quicosenza.it\/news\/wp-json\/wp\/v2\/users\/61"}],"replies":[{"embeddable":true,"href":"https:\/\/quicosenza.it\/news\/wp-json\/wp\/v2\/comments?post=206451"}],"version-history":[{"count":0,"href":"https:\/\/quicosenza.it\/news\/wp-json\/wp\/v2\/posts\/206451\/revisions"}],"wp:featuredmedia":[{"embeddable":true,"href":"https:\/\/quicosenza.it\/news\/wp-json\/wp\/v2\/media\/206452"}],"wp:attachment":[{"href":"https:\/\/quicosenza.it\/news\/wp-json\/wp\/v2\/media?parent=206451"}],"wp:term":[{"taxonomy":"category","embeddable":true,"href":"https:\/\/quicosenza.it\/news\/wp-json\/wp\/v2\/categories?post=206451"},{"taxonomy":"post_tag","embeddable":true,"href":"https:\/\/quicosenza.it\/news\/wp-json\/wp\/v2\/tags?post=206451"}],"curies":[{"name":"wp","href":"https:\/\/api.w.org\/{rel}","templated":true}]}}