{"id":206584,"date":"2023-07-13T17:30:33","date_gmt":"2023-07-13T15:30:33","guid":{"rendered":"https:\/\/www.quicosenza.it\/news\/?p=206584"},"modified":"2023-07-13T16:57:41","modified_gmt":"2023-07-13T14:57:41","slug":"a2-statale-107-18-tirrena-inferiore-e-106-jonica-parte-il-piano-mobilita-estiva-2023-di-anas","status":"publish","type":"post","link":"https:\/\/quicosenza.it\/news\/a2-statale-107-18-tirrena-inferiore-e-106-jonica-parte-il-piano-mobilita-estiva-2023-di-anas\/","title":{"rendered":"A2, Statale 18 Tirrena inferiore e 106 Jonica. Parte il Piano mobilit\u00e0 estiva 2023 di Anas"},"content":{"rendered":"<p>COSENZA &#8211; Parte il <strong>Piano mobilit\u00e0 estiva 2023 <\/strong>sulla rete <strong>Anas. <\/strong>Previste iniziative e misure finalizzate a minimizzare i disagi, ridurre le possibili criticit\u00e0 legate al prevedibile notevole aumento dei flussi di traffico e migliorare l&#8217;assistenza ai clienti.\u00a0Con <strong>l\u2019obiettivo\u00a0di\u00a0facilitare gli spostamenti e ridurre i disagi per gli utenti, <\/strong>in previsione dell\u2019aumento dei flussi di traffico, \u00a0Anas <strong>sta procedendo a ridurre, dove \u00a0possibile, i cantieri presenti \u00a0sulla rete stradale ed autostradale.\u00a0<\/strong><\/p>\n<h3>Piano mobilit\u00e0 estiva 2023<\/h3>\n<p><strong>L\u2019impegno di Anas per chi viaggia \u00e8 quello di <\/strong>offrire un viaggio sicuro, senza difficolt\u00e0, avere strade sicure e con adeguati livelli di manutenzione, risolvere difficolt\u00e0 ed emergenze nel pi\u00f9 breve tempo possibile, fornire informazioni sul traffico e predisporre il piano di comunicazione per i viaggiatori.<\/p>\n<p><img loading=\"lazy\" decoding=\"async\" class=\"wp-image-206587 aligncenter\" src=\"https:\/\/quicosenza.it\/news\/wp-content\/uploads\/2023\/07\/22-Viabilita.jpg\" alt=\"Autostrada Viabilit\u00e0\" width=\"531\" height=\"329\" title=\"\" srcset=\"https:\/\/quicosenza.it\/news\/wp-content\/uploads\/2023\/07\/22-Viabilita.jpg 970w, https:\/\/quicosenza.it\/news\/wp-content\/uploads\/2023\/07\/22-Viabilita-300x186.jpg 300w, https:\/\/quicosenza.it\/news\/wp-content\/uploads\/2023\/07\/22-Viabilita-768x475.jpg 768w, https:\/\/quicosenza.it\/news\/wp-content\/uploads\/2023\/07\/22-Viabilita-150x93.jpg 150w, https:\/\/quicosenza.it\/news\/wp-content\/uploads\/2023\/07\/22-Viabilita-696x431.jpg 696w, https:\/\/quicosenza.it\/news\/wp-content\/uploads\/2023\/07\/22-Viabilita-679x420.jpg 679w, https:\/\/quicosenza.it\/news\/wp-content\/uploads\/2023\/07\/22-Viabilita-356x220.jpg 356w\" sizes=\"auto, (max-width: 531px) 100vw, 531px\" \/><\/p>\n<p>Sar\u00e0 anche questo un f<strong>ine settimana all&#8217;insegna di traffico intenso, in direzione sud,<\/strong> sulle principali direttrici verso le localit\u00e0 di villeggiatura e in uscita dai centri urbani e per i numerosi spostamenti locali. Si prevede inoltre, soprattutto a partire dal tardo pomeriggio di domenica, in concomitanza con i rientri, un consistente flusso di traffico in prossimit\u00e0 dei centri urbani.\u00a0Sar\u00e0 in vigore anche il <strong>divieto di transito dei mezzi pesanti<\/strong>, sabato 15 luglio dalle 8.00 alle 16.00 e domenica 16 dalle 7.00 alle 22.00.<\/p>\n<h3>Gli itinerari turisti in Calabria e le strade monitorare<\/h3>\n<p>Il traffico potrebbe riguardare in particolare i principali itinerari turistici della Calabria. In particolare lungo la A2 \u201cAutostrada del Mediterraneo\u201d che attraversa <strong>Campania, Basilicata e Calabria<\/strong>; le statali 106 Jonica e 18 Tirrena Inferiore in\u00a0<strong>Calabria.<\/strong><\/p>\n<p><img loading=\"lazy\" decoding=\"async\" class=\"wp-image-195871 aligncenter\" src=\"https:\/\/quicosenza.it\/news\/wp-content\/uploads\/2023\/02\/Autostrada-A2-del-mediterraneo.jpg\" alt=\"\" width=\"568\" height=\"352\" title=\"\" srcset=\"https:\/\/quicosenza.it\/news\/wp-content\/uploads\/2023\/02\/Autostrada-A2-del-mediterraneo.jpg 970w, https:\/\/quicosenza.it\/news\/wp-content\/uploads\/2023\/02\/Autostrada-A2-del-mediterraneo-300x186.jpg 300w, https:\/\/quicosenza.it\/news\/wp-content\/uploads\/2023\/02\/Autostrada-A2-del-mediterraneo-768x476.jpg 768w, https:\/\/quicosenza.it\/news\/wp-content\/uploads\/2023\/02\/Autostrada-A2-del-mediterraneo-150x93.jpg 150w, https:\/\/quicosenza.it\/news\/wp-content\/uploads\/2023\/02\/Autostrada-A2-del-mediterraneo-696x431.jpg 696w, https:\/\/quicosenza.it\/news\/wp-content\/uploads\/2023\/02\/Autostrada-A2-del-mediterraneo-678x420.jpg 678w, https:\/\/quicosenza.it\/news\/wp-content\/uploads\/2023\/02\/Autostrada-A2-del-mediterraneo-356x220.jpg 356w\" sizes=\"auto, (max-width: 568px) 100vw, 568px\" \/><\/p>\n<p>Sotto osservazione anche le autostrade A19 Palermo-Catania e A29 Palermo-Mazara del Vallo <strong>in Sicilia;<\/strong>\u00a0la strada statale 131 Carlo Felice\u00a0<strong>in Sardegna;\u00a0la\u00a0<\/strong>strada statale 148 Pontina\u00a0<strong>nel Lazio<\/strong>, arteria particolarmente trafficata \u00a0che insieme alla SS7 \u201cAppia\u201d <strong>assicura i collegamenti tra Roma e le localit\u00e0 turistiche del basso Lazio; l\u2019Itinerario E45<\/strong>\u00a0(SS675 e SS3 bis) che interessa\u00a0<strong>Umbria, Toscana, Emilia Romagna e collega il nord est con il centro Italia<\/strong>; le direttrici SS1 Aurelia (<strong>Lazio, Toscana e Liguria<\/strong>), SS16 Adriatica (<strong>Puglia, Molise, Abruzzo, Emilia-Romagna e Veneto<\/strong>).<\/p>\n<p><img loading=\"lazy\" decoding=\"async\" class=\"wp-image-206588 aligncenter\" src=\"https:\/\/quicosenza.it\/news\/wp-content\/uploads\/2023\/07\/01-Viabilita.jpg\" alt=\"Viabilit\u00e0 Anas\" width=\"588\" height=\"366\" title=\"\" srcset=\"https:\/\/quicosenza.it\/news\/wp-content\/uploads\/2023\/07\/01-Viabilita.jpg 970w, https:\/\/quicosenza.it\/news\/wp-content\/uploads\/2023\/07\/01-Viabilita-300x187.jpg 300w, https:\/\/quicosenza.it\/news\/wp-content\/uploads\/2023\/07\/01-Viabilita-768x478.jpg 768w, https:\/\/quicosenza.it\/news\/wp-content\/uploads\/2023\/07\/01-Viabilita-150x93.jpg 150w, https:\/\/quicosenza.it\/news\/wp-content\/uploads\/2023\/07\/01-Viabilita-696x433.jpg 696w, https:\/\/quicosenza.it\/news\/wp-content\/uploads\/2023\/07\/01-Viabilita-675x420.jpg 675w\" sizes=\"auto, (max-width: 588px) 100vw, 588px\" \/><\/p>\n<h3><strong>Un viaggio informato<\/strong><\/h3>\n<p>Per un viaggio informato le notizie sulla viabilit\u00e0 sono disponibili al link <a href=\"https:\/\/eur02.safelinks.protection.outlook.com\/?url=http%3A%2F%2Fwww.stradeanas.it%2Finfotraffico&amp;data=05%7C01%7Ce.fischetti%40stradeanas.it%7C1bd668b377424fecd07908db82f1d313%7Cf57bababd7b54fb88ddd057ce542d039%7C0%7C0%7C638247747374687550%7CUnknown%7CTWFpbGZsb3d8eyJWIjoiMC4wLjAwMDAiLCJQIjoiV2luMzIiLCJBTiI6Ik1haWwiLCJXVCI6Mn0%3D%7C3000%7C%7C%7C&amp;sdata=GXWWrOhoL%2Frac4x1zuBMM3B3aJzB4gSKe676bAakNgk%3D&amp;reserved=0\" rel=\"noopener\"><strong>www.stradeanas.it\/infotraffico<\/strong><\/a> e attraverso i canali social corporate (<a href=\"https:\/\/eur02.safelinks.protection.outlook.com\/?url=http%3A%2F%2Ffacebook.com%2Fstradeanas&amp;data=05%7C01%7Ce.fischetti%40stradeanas.it%7C1bd668b377424fecd07908db82f1d313%7Cf57bababd7b54fb88ddd057ce542d039%7C0%7C0%7C638247747374843773%7CUnknown%7CTWFpbGZsb3d8eyJWIjoiMC4wLjAwMDAiLCJQIjoiV2luMzIiLCJBTiI6Ik1haWwiLCJXVCI6Mn0%3D%7C3000%7C%7C%7C&amp;sdata=o2CylCheF%2B0CzeR85rXQ0DN%2B5MRvRRfVvimM6272cB0%3D&amp;reserved=0\" rel=\"noopener\"><strong>Facebook.com\/stradeanas<\/strong><\/a>\u00a0e gli account\u00a0<strong>Twitter @stradeanas, @VAIstradeanas\u00a0<\/strong>e\u00a0<strong>@clientiAnas<\/strong>) seguendo l\u2019hashtag\u00a0<strong>#esodoestivo2023<\/strong>.<\/p>\n<p>Le informazioni sul traffico sono inoltre disponibili sui seguenti canali:<br \/>\n<strong>&#8211; VAI\u00a0<\/strong>(Viabilit\u00e0 Anas Integrata) all\u2019indirizzo\u00a0<a href=\"https:\/\/eur02.safelinks.protection.outlook.com\/?url=http%3A%2F%2Fwww.stradeanas.it%2Finfo-viabilit%25C3%25A0%2Fvai&amp;data=05%7C01%7Ce.fischetti%40stradeanas.it%7C1bd668b377424fecd07908db82f1d313%7Cf57bababd7b54fb88ddd057ce542d039%7C0%7C0%7C638247747374843773%7CUnknown%7CTWFpbGZsb3d8eyJWIjoiMC4wLjAwMDAiLCJQIjoiV2luMzIiLCJBTiI6Ik1haWwiLCJXVCI6Mn0%3D%7C3000%7C%7C%7C&amp;sdata=YnGDX6WNru6SqdFf0leuGgheJsB7DVuH5oqQtfjqydQ%3D&amp;reserved=0\" rel=\"noopener\"><strong>www.stradeanas.it\/info-viabilit\u00e0\/vai<\/strong><\/a>;<br \/>\n<strong>&#8211; APP &#8220;VAI<\/strong>&#8221; di Anas, scaricabile gratuitamente in &#8220;App store&#8221; e in &#8220;Play store&#8221;;<br \/>\n<strong>&#8211;<\/strong>\u00a0<strong>CCISS<\/strong>\u00a0Viaggiare Informati del Ministero delle Infrastrutture al quale Anas partecipa attivamente con risorse dedicate e dati sul traffico;<\/p>\n<p><strong>&#8211;<\/strong>\u00a0<strong>Numero verde\u00a0Pronto Anas\u00a0800.841.148<\/strong>\u00a0del Servizio Clienti Anas per parlare con un operatore\u00a0<strong>h24<\/strong>\u00a0e avere informazioni sulla viabilit\u00e0 in tempo reale. Inoltre digitando il tasto 5 si pu\u00f2 avere una panoramica sullo stato del traffico sulla rete con la posizione dei cantieri, con il tasto 0 \u00e8 disponibile la situazione previsionale del fine settimana.<\/p>\n<p><strong>&#8211; Live Chat del Servizio Clienti\u00a0<\/strong>all\u2019indirizzo\u00a0<a href=\"https:\/\/eur02.safelinks.protection.outlook.com\/?url=http%3A%2F%2Fwww.stradeanas.it%2F&amp;data=05%7C01%7Ce.fischetti%40stradeanas.it%7C1bd668b377424fecd07908db82f1d313%7Cf57bababd7b54fb88ddd057ce542d039%7C0%7C0%7C638247747374843773%7CUnknown%7CTWFpbGZsb3d8eyJWIjoiMC4wLjAwMDAiLCJQIjoiV2luMzIiLCJBTiI6Ik1haWwiLCJXVCI6Mn0%3D%7C3000%7C%7C%7C&amp;sdata=q3gYKQz2o7eMMJ%2Bd2gF1yAwg0LO1LeCwPQ1wg5ZAzfg%3D&amp;reserved=0\" rel=\"noopener\"><strong>www.stradeanas.it<\/strong><\/a><strong>\u00a0<\/strong>per parlare con un operatore\u00a0<strong>dalle 8.00 alle 20.00\u00a0<\/strong>e avere anche informazioni sulla viabilit\u00e0 in tempo reale e sui cantieri inamovibili.\u00a0Bollettini di viabilit\u00e0 sono trasmessi su Tgcom24 e sulle radio partner di Anas: Rai Isoradio, Radio Italia (nazionale).<\/p>\n<h3><strong>Campagne sicurezza stradale<\/strong><\/h3>\n<p>Per richiamare l\u2019attenzione sulla sicurezza stradale Anas promuove anche quest\u2019anno,\u00a0in collaborazione con la Polizia di Stato,\u00a0la\u00a0<strong>campagna di comunicazione <\/strong><strong>#GUIDAeBASTA<\/strong>\u00a0per sensibilizzare gli utenti della strada a essere prudenti e concentrati mentre si \u00e8 al volante. La campagna \u00e8 dedicata ai rischi che derivano dalla distrazione, dalle cattive abitudini alla guida e dal mancato rispetto delle regole del Codice della Strada.<\/p>\n<p>Da una ricerca sugli<strong> stili di guida degli utenti<\/strong>, commissionata da <strong>Anas <\/strong>(Gruppo FS Italiane) e condotta da <strong>CSA Research <\/strong>&#8211;<strong> Centro Statistica Aziendale<\/strong> &#8211; con interviste su un campione di oltre 3mila persone e con circa 5mila osservazioni dirette su strada &#8211; ha infatti rilevato che gli automobilisti italiani attribuiscono alle condotte altrui, non alle proprie, i pericoli che causano incidenti o situazioni potenzialmente a rischio. Una percezione di s\u00e9 e dei propri comportamenti decisamente indulgente e il dito puntato contro gli altri. Lo studio, giunto alla seconda edizione, rileva inoltre che per quanto riguarda il rispetto delle regole del codice della strada, in una scala da 1 a 10, <strong>il giudizio su s\u00e9 stessi oscilla tra un punteggio compreso tra l\u20198 e l\u20198,8<\/strong>. Decisamente meno clementi quando si esprime un giudizio sugli altri: qui la percezione raccoglie consensi che vanno da 5 a 5,9.\u00a0 Questa forma di distorsione percettiva, nota come <em>s<strong>elf serving bias<\/strong><\/em><strong>,<\/strong> si accentua in modo particolare nel contesto della guida, investendo il giudizio sulla totalit\u00e0 dei comportamenti.<\/p>\n<h3>Lotta all&#8217;abbandono degli animali lungo le strade<\/h3>\n<p><strong>\u00a0#AMAMIeBASTA e Pet Camper Tour<\/strong>. Sono le due campagne contro l\u2019abbandono degli animali lungo le strade.\u00a0I cantonieri di Anas salvano ogni giorno moltissimi cani che ancora vengono abbandonati lungo le strade italiane, garantendo la loro sicurezza e quella degli automobilisti. Ecco perch\u00e9 Anas promuove le campagna\u00a0<strong>#AMAMIeBASTA<\/strong>,\u00a0ideata insieme a\u00a0<strong>LNDC Lega nazionale per la difesa del cane<\/strong>, e <strong>Pet Camper Tour<\/strong>, in collaborazione con l\u2019associazione <strong>Pet Carpet<\/strong>, ente educativo e culturale per la salvaguardia dell\u2019ambiente e degli animali.<\/p>\n<p>Le iniziative sono\u00a0finalizzate alla lotta contro gli incidenti provocati dall\u2019abbandono degli animali domestici in strada con l\u2019obiettivo\u00a0di garantire maggior sicurezza a chi si mette in viaggio.\u00a0In Italia, infatti, ogni anno si registrano migliaia di incidenti stradali, anche mortali, causati da animali abbandonati, fenomeno che aumenta durante i periodi estivi.<\/p>\n<h3>Iniziativa contro gli incendi: &#8220;la strada non \u00e8 un posacenere&#8221;<\/h3>\n<p>Molti incendi recenti, complice la siccit\u00e0 e le alte temperature del periodo, si sono verificati a margine delle strade e delle autostrade a causa del rilascio di <strong>sigarette accese<\/strong> dai veicoli, nonostante sia espressamente vietato e sanzionato dal Codice della Strada e dal Codice Penale (art. 674, \u201cgetto pericoloso di cose\u201d).<\/p>\n<p><strong>Contro gli incendi<\/strong> in prossimit\u00e0 dei tracciati stradali e autostradali causati da questo fenomeno, Anas promuove l\u2019iniziativa <strong>\u201cLa strada non \u00e8 un posacenere. Rispetta l\u2019ambiente, salva il tuo viaggio\u201d<\/strong>, che ha l\u2019obiettivo di sensibilizzare i cittadini, sul fatto che una sigaretta accesa gettata dal veicolo pu\u00f2 mettere a rischio l\u2019incolumit\u00e0 fisica delle persone e degli animali, causando la distruzione dell\u2019ambiente vegetale, dei beni immobili e interruzioni alla viabilit\u00e0. <strong>Con l\u2019obiettivo di raggiungere gli utenti in viaggio sulle strade Anas, la campagna prevede che il messaggio \u201cPericolo Incendi. Non gettare sigarette<\/strong>\u201d venga ripetuto sui Pannelli a Messaggio Variabile presenti sulla rete.<strong>\u00a0 <\/strong><\/p>\n","protected":false},"excerpt":{"rendered":"<p>COSENZA &#8211; Parte il Piano mobilit\u00e0 estiva 2023 sulla rete Anas. Previste iniziative e misure finalizzate a minimizzare i disagi, ridurre le possibili criticit\u00e0 legate al prevedibile notevole aumento dei flussi di traffico e migliorare l&#8217;assistenza ai clienti.\u00a0Con l\u2019obiettivo\u00a0di\u00a0facilitare gli spostamenti e ridurre i disagi per gli utenti, in previsione dell\u2019aumento dei flussi di traffico, [&hellip;]<\/p>\n","protected":false},"author":55,"featured_media":206585,"comment_status":"closed","ping_status":"closed","sticky":false,"template":"","format":"standard","meta":{"_acf_changed":false,"footnotes":"","jetpack_publicize_message":"","jetpack_publicize_feature_enabled":true,"jetpack_social_post_already_shared":false,"jetpack_social_options":{"image_generator_settings":{"template":"highway","default_image_id":0,"font":"","enabled":false},"version":2}},"categories":[17],"tags":[19],"class_list":["post-206584","post","type-post","status-publish","format-standard","has-post-thumbnail","hentry","category-calabria","tag-copertina"],"acf":[],"jetpack_publicize_connections":[],"_links":{"self":[{"href":"https:\/\/quicosenza.it\/news\/wp-json\/wp\/v2\/posts\/206584","targetHints":{"allow":["GET"]}}],"collection":[{"href":"https:\/\/quicosenza.it\/news\/wp-json\/wp\/v2\/posts"}],"about":[{"href":"https:\/\/quicosenza.it\/news\/wp-json\/wp\/v2\/types\/post"}],"author":[{"embeddable":true,"href":"https:\/\/quicosenza.it\/news\/wp-json\/wp\/v2\/users\/55"}],"replies":[{"embeddable":true,"href":"https:\/\/quicosenza.it\/news\/wp-json\/wp\/v2\/comments?post=206584"}],"version-history":[{"count":0,"href":"https:\/\/quicosenza.it\/news\/wp-json\/wp\/v2\/posts\/206584\/revisions"}],"wp:featuredmedia":[{"embeddable":true,"href":"https:\/\/quicosenza.it\/news\/wp-json\/wp\/v2\/media\/206585"}],"wp:attachment":[{"href":"https:\/\/quicosenza.it\/news\/wp-json\/wp\/v2\/media?parent=206584"}],"wp:term":[{"taxonomy":"category","embeddable":true,"href":"https:\/\/quicosenza.it\/news\/wp-json\/wp\/v2\/categories?post=206584"},{"taxonomy":"post_tag","embeddable":true,"href":"https:\/\/quicosenza.it\/news\/wp-json\/wp\/v2\/tags?post=206584"}],"curies":[{"name":"wp","href":"https:\/\/api.w.org\/{rel}","templated":true}]}}