{"id":206600,"date":"2023-07-13T18:30:55","date_gmt":"2023-07-13T16:30:55","guid":{"rendered":"https:\/\/www.quicosenza.it\/news\/?p=206600"},"modified":"2023-07-13T19:53:55","modified_gmt":"2023-07-13T17:53:55","slug":"ricorsi-contro-la-nascita-della-dulbecco-sono-ritardi-per-favorire-giochi-di-potere","status":"publish","type":"post","link":"https:\/\/quicosenza.it\/news\/ricorsi-contro-la-nascita-della-dulbecco-sono-ritardi-per-favorire-giochi-di-potere\/","title":{"rendered":"Ricorsi contro la nascita della &#8216;Dulbecco&#8217; \u00absono ritardi per favorire giochi di potere\u00bb"},"content":{"rendered":"<p class=\"v1MsoNormal\">CATANZARO &#8211; &#8220;Nessuna sospensione del protocollo di intesa e discussione sul merito direttamente alla fine febbraio del prossimo anno. L&#8217;udienza, al Tribunale amministrativo della Calabria relativa ai due ricorsi presentati da medici di diverse categorie e a diverso titolo, \u00e8 finito in questo modo. L&#8217;intento era quello di sospendere il decreto del commissario ad acta che ratificava il protocollo d&#8217;intesa sulla <strong>fusione di Pugliese-Ciaccio e Mater Domini nell&#8217;azienda unica &#8220;Dulbecco&#8221;<\/strong>.\u00a0 Un dato, questo, su cui riflettere richiamando la nostra posizione che ci vede convinti fautori di un processo di integrazione che solo pu\u00f2 essere foriero di quel salto in avanti di cui ha bisogno tutta la sanit\u00e0 regionale&#8221;. \u00c8 quanto affermano <b>Enzo Scalese (segretario generale della Cgil Area Vasta Catanzaro-Crotone-Vibo), Franco Grillo (Segretario generale FP Cgil Area Vasta) e Ivan Potente (Segretario Medici FP CGIL Area Vasta).<\/b><\/p>\n<p class=\"v1gmail-Corpo\">&#8220;Prescindendo dal travaglio lungo e &#8216;doloroso&#8217; che ha portato alla luce la nuova azienda, nonostante i buoni propositi predicati dal governo regionale, la &#8220;Dulbecco&#8221; si trova ancora in una bufera di indeterminatezza avente una nuova soglia da valicare: <strong>l<span dir=\"RTL\" lang=\"AR-SA\">&#8216;<\/span>eterno ricorso a tutte le giurisdizioni possibili<\/strong> \u2013 scrivono ancora Scalese, Grillo e Potente. Al netto del giusto rivendicare il rispetto di quei principi organizzativi di pari dignit\u00e0 tra le carriere universitarie e quelle ospedaliere, vanno ribaditi alcuni aspetti. La &#8220;Dulbecco&#8221; con i suoi 855 posti letto iniziali e con le potenzialit\u00e0 insite quale crogiolo di professionalit\u00e0 mediche che hanno dato lustro ad entrambe le aziende di partenza, ha tutte le potenzialit\u00e0 atte ad assicurare un futuro prestigioso sia in termini assistenziali che formativi per gli utenti regionali e non&#8221;.<\/p>\n<p class=\"v1gmail-Corpo\">\u00c8 necessaria una<strong> inversione di rotta<\/strong> visibile che parta dalla<strong> nomina di un management stabile per l&#8217;azienda universitaria<\/strong> \u2013 si legge ancora nella nota -. Risulta, infatti, curioso il mantenimento di un ruolo commissariale al vertice di quella che \u00e8 di gran lunga l&#8217;azienda pi\u00f9 corposa della regione, mentre altre aziende hanno un quadro di riferimento gi\u00e0 compiuto. Quasi come a significare che ogni provvedimento in capo alla stessa sia da considerarsi provvisorio&#8221;.<\/p>\n<h3>Cgil: &#8220;Troppi ricorsi, ritardo nella nascita della Dulbecco&#8221;<\/h3>\n<p class=\"v1gmail-Corpo\">Secondo i sindacalisti della Cgil, <strong>&#8220;i continui ricorsi e gli intoppi burocratici che hanno cercato<\/strong>, <strong>e cercano ancora, di far ritardare all&#8217;infinito la nascita dell&#8217;azienda unica<\/strong>, forse anche per dare tempo organizzativo a chi, con fare precipitoso, ha indotto la duplicazione della facolt\u00e0 di Medicina ma non \u00e8 riuscito nel colpo grosso che pi\u00f9 di tutti determina gli appetiti, lo spostamento di gran parte degli 855 e pi\u00f9 posti letto verso altri lidi.<\/p>\n<p class=\"v1gmail-Corpo\">Queste<strong> manovre<\/strong>, <strong>considerati i ritardi organizzativi<\/strong> da cui potrebbero partire i nuovi professori, valutando in circa 20 anni il tempo medio necessario per formare ed avere un professore ordinario, non farebbero altro che determinare <strong>un ulteriore arretramento della sanit\u00e0 regionale<\/strong> che, nel bailamme conseguente, vedrebbe una ulteriore esplosione negativa del sistema con beffe e danni per i cittadini calabresi che sono i protagonisti di questa storia ma che, nella realt\u00e0, in molti trattano come comparse di nullo valore. Noi non ci stiamo! La linea guida del nostro operato \u00e8 la difesa dei cittadini e del loro diritto alla salute, un diritto che non \u00e8 sacrificabile sull&#8217;altare di nessuno. E, in questo senso, continueremo ad essere difensori di quello che sentiamo quale pensiero comune dei calabresi: la volont\u00e0 di ottenere una sanit\u00e0 pubblica adeguata ai diritti dei cittadini di questa regione. L<span dir=\"RTL\" lang=\"AR-SA\">&#8216;<\/span>azienda oramai esiste, il premio Nobel cui intitolarla pure, quindi, in attesa di altro Nobel calabrese, andiamo avanti senza pi\u00f9 tentennamenti&#8221;, concludono Scalese, Grillo e Potente.<\/p>\n","protected":false},"excerpt":{"rendered":"<p>CATANZARO &#8211; &#8220;Nessuna sospensione del protocollo di intesa e discussione sul merito direttamente alla fine febbraio del prossimo anno. L&#8217;udienza, al Tribunale amministrativo della Calabria relativa ai due ricorsi presentati da medici di diverse categorie e a diverso titolo, \u00e8 finito in questo modo. L&#8217;intento era quello di sospendere il decreto del commissario ad acta [&hellip;]<\/p>\n","protected":false},"author":58,"featured_media":200661,"comment_status":"closed","ping_status":"closed","sticky":false,"template":"","format":"standard","meta":{"_acf_changed":false,"footnotes":"","jetpack_publicize_message":"","jetpack_publicize_feature_enabled":true,"jetpack_social_post_already_shared":false,"jetpack_social_options":{"image_generator_settings":{"template":"highway","default_image_id":0,"font":"","enabled":false},"version":2}},"categories":[17],"tags":[],"class_list":["post-206600","post","type-post","status-publish","format-standard","has-post-thumbnail","hentry","category-calabria"],"acf":[],"jetpack_publicize_connections":[],"_links":{"self":[{"href":"https:\/\/quicosenza.it\/news\/wp-json\/wp\/v2\/posts\/206600","targetHints":{"allow":["GET"]}}],"collection":[{"href":"https:\/\/quicosenza.it\/news\/wp-json\/wp\/v2\/posts"}],"about":[{"href":"https:\/\/quicosenza.it\/news\/wp-json\/wp\/v2\/types\/post"}],"author":[{"embeddable":true,"href":"https:\/\/quicosenza.it\/news\/wp-json\/wp\/v2\/users\/58"}],"replies":[{"embeddable":true,"href":"https:\/\/quicosenza.it\/news\/wp-json\/wp\/v2\/comments?post=206600"}],"version-history":[{"count":0,"href":"https:\/\/quicosenza.it\/news\/wp-json\/wp\/v2\/posts\/206600\/revisions"}],"wp:featuredmedia":[{"embeddable":true,"href":"https:\/\/quicosenza.it\/news\/wp-json\/wp\/v2\/media\/200661"}],"wp:attachment":[{"href":"https:\/\/quicosenza.it\/news\/wp-json\/wp\/v2\/media?parent=206600"}],"wp:term":[{"taxonomy":"category","embeddable":true,"href":"https:\/\/quicosenza.it\/news\/wp-json\/wp\/v2\/categories?post=206600"},{"taxonomy":"post_tag","embeddable":true,"href":"https:\/\/quicosenza.it\/news\/wp-json\/wp\/v2\/tags?post=206600"}],"curies":[{"name":"wp","href":"https:\/\/api.w.org\/{rel}","templated":true}]}}