{"id":206620,"date":"2023-07-13T19:30:15","date_gmt":"2023-07-13T17:30:15","guid":{"rendered":"https:\/\/www.quicosenza.it\/news\/?p=206620"},"modified":"2023-07-13T18:57:51","modified_gmt":"2023-07-13T16:57:51","slug":"sud-occhiuto-ok-ue-a-zes-unica-ottima-notizia-bene-il-lavoro-di-fitto","status":"publish","type":"post","link":"https:\/\/quicosenza.it\/news\/sud-occhiuto-ok-ue-a-zes-unica-ottima-notizia-bene-il-lavoro-di-fitto\/","title":{"rendered":"Sud, Occhiuto: \u00abok Ue a Zes unica. Ottima notizia, bene il lavoro di Fitto\u00bb"},"content":{"rendered":"<p>CATANZARO &#8211; &#8220;Il via libera della vicepresidente esecutiva della <strong>Commissione europea e commissaria per la Concorrenza, Margrethe Vestager, alla proposta avanzata dal ministro agli Affari europei, il Sud, le Politiche di Coesione<\/strong> e il Pnrr, Raffaele Fitto, per istituire un&#8217;unica Zona economica speciale per l&#8217;intero Sud Italia \u00e8 un&#8217;ottima notizia per tutte le Regioni del Mezzogiorno&#8221;. Lo afferma in una nota <strong>Roberto Occhiuto, presidente della Regione Calabria. <\/strong><\/p>\n<p>&#8220;Le Zes &#8211; prosegue &#8211; sono strumenti fondamentali <strong>per sburocratizzare le procedure, per avere agevolazioni fiscali e contributive, per semplificare le autorizzazioni, e di conseguenza per attrarre nei nostri territori imprese e investimenti<\/strong>. Con una Zona economica speciale unica per tutto il Sud &#8211; che andrebbe a superare le attuali otto realt\u00e0, coinvolgendo Calabria, Abruzzo, Campania, Puglia, Basilicata, Molise, Sicilia e Sardegna &#8211; avremo pi\u00f9 forza, maggior peso, un reale coordinamento e migliori opportunit\u00e0 per competere e sviluppare le nostre Regioni&#8221;.<\/p>\n<p>&#8220;<strong>Altrettanto importante &#8211; conclude Occhiuto &#8211; \u00e8 la volont\u00e0 espressa dalla Commissione Ue di rendere strutturale e permanente la misura &#8216;Decontribuzione Sud&#8217;<\/strong>, decisiva per sostenere concretamente l&#8217;occupazione nel Mezzogiorno. Grazie al ministro Fitto e al governo Meloni per il lavoro svolto e per questi importanti risultati&#8221;.<\/p>\n","protected":false},"excerpt":{"rendered":"<p>CATANZARO &#8211; &#8220;Il via libera della vicepresidente esecutiva della Commissione europea e commissaria per la Concorrenza, Margrethe Vestager, alla proposta avanzata dal ministro agli Affari europei, il Sud, le Politiche di Coesione e il Pnrr, Raffaele Fitto, per istituire un&#8217;unica Zona economica speciale per l&#8217;intero Sud Italia \u00e8 un&#8217;ottima notizia per tutte le Regioni del [&hellip;]<\/p>\n","protected":false},"author":61,"featured_media":203811,"comment_status":"closed","ping_status":"closed","sticky":false,"template":"","format":"standard","meta":{"_acf_changed":false,"footnotes":"","jetpack_publicize_message":"","jetpack_publicize_feature_enabled":true,"jetpack_social_post_already_shared":false,"jetpack_social_options":{"image_generator_settings":{"template":"highway","default_image_id":0,"font":"","enabled":false},"version":2}},"categories":[17],"tags":[19],"class_list":["post-206620","post","type-post","status-publish","format-standard","has-post-thumbnail","hentry","category-calabria","tag-copertina"],"acf":[],"jetpack_publicize_connections":[],"_links":{"self":[{"href":"https:\/\/quicosenza.it\/news\/wp-json\/wp\/v2\/posts\/206620","targetHints":{"allow":["GET"]}}],"collection":[{"href":"https:\/\/quicosenza.it\/news\/wp-json\/wp\/v2\/posts"}],"about":[{"href":"https:\/\/quicosenza.it\/news\/wp-json\/wp\/v2\/types\/post"}],"author":[{"embeddable":true,"href":"https:\/\/quicosenza.it\/news\/wp-json\/wp\/v2\/users\/61"}],"replies":[{"embeddable":true,"href":"https:\/\/quicosenza.it\/news\/wp-json\/wp\/v2\/comments?post=206620"}],"version-history":[{"count":0,"href":"https:\/\/quicosenza.it\/news\/wp-json\/wp\/v2\/posts\/206620\/revisions"}],"wp:featuredmedia":[{"embeddable":true,"href":"https:\/\/quicosenza.it\/news\/wp-json\/wp\/v2\/media\/203811"}],"wp:attachment":[{"href":"https:\/\/quicosenza.it\/news\/wp-json\/wp\/v2\/media?parent=206620"}],"wp:term":[{"taxonomy":"category","embeddable":true,"href":"https:\/\/quicosenza.it\/news\/wp-json\/wp\/v2\/categories?post=206620"},{"taxonomy":"post_tag","embeddable":true,"href":"https:\/\/quicosenza.it\/news\/wp-json\/wp\/v2\/tags?post=206620"}],"curies":[{"name":"wp","href":"https:\/\/api.w.org\/{rel}","templated":true}]}}