{"id":206671,"date":"2023-07-14T13:00:56","date_gmt":"2023-07-14T11:00:56","guid":{"rendered":"https:\/\/www.quicosenza.it\/news\/?p=206671"},"modified":"2023-07-14T11:27:39","modified_gmt":"2023-07-14T09:27:39","slug":"quattromiglia-arriva-il-mercatino-agricolo-anche-il-pomeriggio-la-spesa-a-km-zero","status":"publish","type":"post","link":"https:\/\/quicosenza.it\/news\/quattromiglia-arriva-il-mercatino-agricolo-anche-il-pomeriggio-la-spesa-a-km-zero\/","title":{"rendered":"Quattromiglia: arriva il mercatino agricolo anche il pomeriggio, la spesa a km zero"},"content":{"rendered":"<p>RENDE &#8211; Parte a Rende il<strong> nuovo mercatino agricolo di Quattromiglia<\/strong>. L\u2019iniziativa promossa dal Comitato spontaneo <strong>\u201cTerra Nostra\u201d era stato accolta favorevolmente dall\u2019amministrazione comunale, prima dello scioglimento<\/strong>. Questo appuntamento si andr\u00e0 ad aggiungere agli altri di Commenda, Roges e Villaggio Europa.<\/p>\n<p>Il mercato si svolger\u00e0 settimanalmente nel giorno di mercoled\u00ec dalle ore 15 alle ore 19 in piazza Nicolas Green: \u00ab<strong>con lo scopo di promuovere e pubblicizzare i prodotti agricoli ed alimentari locali, tipici della Provincia di Cosenza, per contribuire allo sviluppo economico del territorio e delle attivit\u00e0 economiche e produttive.<\/strong>\u00a0 A Rende le attivit\u00e0 commerciali si moltiplicano e, anche per gli ambulanti, il mercato rappresenta una garanzia di introiti nonostante l<strong>a crisi che da pi\u00f9 anni ha bloccato il mercato<\/strong>. La nostra \u00e8 un\u2019isola felice che attrae acquirenti e commercianti anche oltre provincia\u00bb, le parole di qualche mese fa dell&#8217;ex assessore Domenico Ziccarelli.<\/p>\n<p>\u00ab<strong>La spesa a km zero<\/strong> sar\u00e0 cos\u00ec maggiormente incentivata e si aiuter\u00e0 cos\u00ec la filiera corta e i piccoli agricoltori\u00bb, avevano sottolineato gli amministratori.\u00a0 \u00abRiteniamo opportuno sostenere gli imprenditori agricoli locali,<strong> promuovendo politiche di supporto ai produttori di beni operanti nel territorio di Rende. <\/strong>Offrire un\u2019occasione di rilancio per l\u2019economia locale, realizzando un punto di incontro <strong>tra domanda e offerta che possa essere utilizzato in ogni condizione metereologica e costituisca un centro di riferimento per i cittadini<\/strong> e gli operatori del settore agricolo\u00bb.<\/p>\n","protected":false},"excerpt":{"rendered":"<p>RENDE &#8211; Parte a Rende il nuovo mercatino agricolo di Quattromiglia. L\u2019iniziativa promossa dal Comitato spontaneo \u201cTerra Nostra\u201d era stato accolta favorevolmente dall\u2019amministrazione comunale, prima dello scioglimento. Questo appuntamento si andr\u00e0 ad aggiungere agli altri di Commenda, Roges e Villaggio Europa. Il mercato si svolger\u00e0 settimanalmente nel giorno di mercoled\u00ec dalle ore 15 alle ore [&hellip;]<\/p>\n","protected":false},"author":61,"featured_media":199666,"comment_status":"closed","ping_status":"closed","sticky":false,"template":"","format":"standard","meta":{"_acf_changed":false,"footnotes":"","jetpack_publicize_message":"","jetpack_publicize_feature_enabled":true,"jetpack_social_post_already_shared":false,"jetpack_social_options":{"image_generator_settings":{"template":"highway","default_image_id":0,"font":"","enabled":false},"version":2}},"categories":[563],"tags":[19],"class_list":["post-206671","post","type-post","status-publish","format-standard","has-post-thumbnail","hentry","category-area-urbana","tag-copertina"],"acf":[],"jetpack_publicize_connections":[],"_links":{"self":[{"href":"https:\/\/quicosenza.it\/news\/wp-json\/wp\/v2\/posts\/206671","targetHints":{"allow":["GET"]}}],"collection":[{"href":"https:\/\/quicosenza.it\/news\/wp-json\/wp\/v2\/posts"}],"about":[{"href":"https:\/\/quicosenza.it\/news\/wp-json\/wp\/v2\/types\/post"}],"author":[{"embeddable":true,"href":"https:\/\/quicosenza.it\/news\/wp-json\/wp\/v2\/users\/61"}],"replies":[{"embeddable":true,"href":"https:\/\/quicosenza.it\/news\/wp-json\/wp\/v2\/comments?post=206671"}],"version-history":[{"count":0,"href":"https:\/\/quicosenza.it\/news\/wp-json\/wp\/v2\/posts\/206671\/revisions"}],"wp:featuredmedia":[{"embeddable":true,"href":"https:\/\/quicosenza.it\/news\/wp-json\/wp\/v2\/media\/199666"}],"wp:attachment":[{"href":"https:\/\/quicosenza.it\/news\/wp-json\/wp\/v2\/media?parent=206671"}],"wp:term":[{"taxonomy":"category","embeddable":true,"href":"https:\/\/quicosenza.it\/news\/wp-json\/wp\/v2\/categories?post=206671"},{"taxonomy":"post_tag","embeddable":true,"href":"https:\/\/quicosenza.it\/news\/wp-json\/wp\/v2\/tags?post=206671"}],"curies":[{"name":"wp","href":"https:\/\/api.w.org\/{rel}","templated":true}]}}