{"id":206679,"date":"2023-07-14T14:00:30","date_gmt":"2023-07-14T12:00:30","guid":{"rendered":"https:\/\/www.quicosenza.it\/news\/?p=206679"},"modified":"2023-07-14T11:44:17","modified_gmt":"2023-07-14T09:44:17","slug":"tolleranza-zero-con-i-ladri-dacqua-eseguiti-tre-sequestri","status":"publish","type":"post","link":"https:\/\/quicosenza.it\/news\/tolleranza-zero-con-i-ladri-dacqua-eseguiti-tre-sequestri\/","title":{"rendered":"Tolleranza zero con i &#8216;ladri d&#8217;acqua&#8217;, eseguiti tre sequestri"},"content":{"rendered":"<p>CATANZARO &#8211; Su impulso del sindaco della citt\u00e0 capoluogo, Nicola Fiorita e dell\u2019assessore alla Sicurezza, Marinella Giordano, <strong>il nucleo di polizia Ambientale del Comando dei vigili urbani<\/strong>, diretto dal tenente colonnello Salvatore Tarantino, sta portando avanti in maniera sistematica le azioni di contrasto ai furti d\u2019acqua.<\/p>\n<p>Dopo la scoperta e il sequestro, la settimana scorsa, di <strong>16 allacci abusivi<\/strong> nella zona nord della citt\u00e0, <strong>altri tre sequestri<\/strong> sono stati effettuati, <strong>sempre nell\u2019area tra Pontregrande e Jan\u00f2,<\/strong> facendo scattare la denuncia per furto aggravato di bene pubblico nei confronti dei responsabili alle autorit\u00e0 competenti.<\/p>\n<p>Anche in questo caso <strong>l\u2019acqua veniva utilizzati per fini illeciti<\/strong>, ben al di l\u00e0, quindi, delle previsioni contenute nelle ordinanze comunali sull\u2019uso del prezioso liquido. Fondamentale, anche stavolta, la collaborazione tra Polizia Locale e Ufficio Tecnico Comunale. Nelle prossime settimane, l\u2019attivit\u00e0 proseguir\u00e0 incessantemente, perch\u00e9 se il furto d\u2019acqua \u00e8 di per s\u00e9 un reato, in una <strong>stagione come quella estiva esso diventa intollerabile per i cittadini anche sul piano morale.<\/strong><\/p>\n","protected":false},"excerpt":{"rendered":"<p>CATANZARO &#8211; Su impulso del sindaco della citt\u00e0 capoluogo, Nicola Fiorita e dell\u2019assessore alla Sicurezza, Marinella Giordano, il nucleo di polizia Ambientale del Comando dei vigili urbani, diretto dal tenente colonnello Salvatore Tarantino, sta portando avanti in maniera sistematica le azioni di contrasto ai furti d\u2019acqua. Dopo la scoperta e il sequestro, la settimana scorsa, [&hellip;]<\/p>\n","protected":false},"author":42,"featured_media":206682,"comment_status":"closed","ping_status":"closed","sticky":false,"template":"","format":"standard","meta":{"_acf_changed":false,"footnotes":"","jetpack_publicize_message":"","jetpack_publicize_feature_enabled":true,"jetpack_social_post_already_shared":false,"jetpack_social_options":{"image_generator_settings":{"template":"highway","default_image_id":0,"font":"","enabled":false},"version":2}},"categories":[17],"tags":[19],"class_list":["post-206679","post","type-post","status-publish","format-standard","has-post-thumbnail","hentry","category-calabria","tag-copertina"],"acf":[],"jetpack_publicize_connections":[],"_links":{"self":[{"href":"https:\/\/quicosenza.it\/news\/wp-json\/wp\/v2\/posts\/206679","targetHints":{"allow":["GET"]}}],"collection":[{"href":"https:\/\/quicosenza.it\/news\/wp-json\/wp\/v2\/posts"}],"about":[{"href":"https:\/\/quicosenza.it\/news\/wp-json\/wp\/v2\/types\/post"}],"author":[{"embeddable":true,"href":"https:\/\/quicosenza.it\/news\/wp-json\/wp\/v2\/users\/42"}],"replies":[{"embeddable":true,"href":"https:\/\/quicosenza.it\/news\/wp-json\/wp\/v2\/comments?post=206679"}],"version-history":[{"count":0,"href":"https:\/\/quicosenza.it\/news\/wp-json\/wp\/v2\/posts\/206679\/revisions"}],"wp:featuredmedia":[{"embeddable":true,"href":"https:\/\/quicosenza.it\/news\/wp-json\/wp\/v2\/media\/206682"}],"wp:attachment":[{"href":"https:\/\/quicosenza.it\/news\/wp-json\/wp\/v2\/media?parent=206679"}],"wp:term":[{"taxonomy":"category","embeddable":true,"href":"https:\/\/quicosenza.it\/news\/wp-json\/wp\/v2\/categories?post=206679"},{"taxonomy":"post_tag","embeddable":true,"href":"https:\/\/quicosenza.it\/news\/wp-json\/wp\/v2\/tags?post=206679"}],"curies":[{"name":"wp","href":"https:\/\/api.w.org\/{rel}","templated":true}]}}