{"id":206702,"date":"2023-07-14T14:51:06","date_gmt":"2023-07-14T12:51:06","guid":{"rendered":"https:\/\/www.quicosenza.it\/news\/?p=206702"},"modified":"2023-07-14T15:01:22","modified_gmt":"2023-07-14T13:01:22","slug":"turismo-delle-radici-i-discendenti-degli-emigrati-tornano-a-vivere-i-borghi-calabresi","status":"publish","type":"post","link":"https:\/\/quicosenza.it\/news\/turismo-delle-radici-i-discendenti-degli-emigrati-tornano-a-vivere-i-borghi-calabresi\/","title":{"rendered":"Turismo delle radici: cos\u00ec i discendenti degli emigrati tornano a vivere i borghi cosentini e calabresi"},"content":{"rendered":"<p>COSENZA &#8211; Un fenomeno in continua crescita quello del <strong>Turismo delle radici<\/strong>. Vale tanto per la Calabria cos\u00ec come per la Basilicata, due tra le regioni italiane che tra la fine del XIX secolo e l&#8217;inizio del XX hanno visto una s<strong>ignificativa emigrazione all&#8217;esterno<\/strong>, soprattutto in altri continenti. <strong>Interi nuclei familiari che hanno abbandonato la propria terra<\/strong> in cerca di opportunit\u00e0 economiche e di una vita migliore. E sono proprio<strong> i discendenti dei tantissimi migranti, a ripercorrere (al contrario) quello che fecero i loro nonni e i loro padri.<\/strong> Seppur sotto forma di turismo tornano nella nostra regione per riscoprire memorie, storia e identit\u00e0.<\/p>\n<h3>Il fenomeno dei roots tourists: turisti delle radici<\/h3>\n<p>Nel rapporto Sud de <a href=\"https:\/\/www.ilsole24ore.com\/\" rel=\"noopener\">Il Sole 24 ore<\/a> di oggi, un ampio focus \u00e8 dedicato ai cosiddetti &#8220;<strong>roots tourists&#8221; (turisti delle radici)<\/strong>. Viaggiano per<strong> esplorare le loro origini, la storia della loro famiglia o<\/strong> il luogo di provenienza dei loro antenati. Turisti motivati dal desiderio di scoprire le proprie radici culturali, visitando i luoghi in cui i loro predecessori hanno vissuto, lavorato o sono nati. Esplorano e molto spesso si innamorano delle loro terra di origine decidendo anche di acquistare casa.<\/p>\n<p><img loading=\"lazy\" decoding=\"async\" class=\"wp-image-188367 aligncenter\" src=\"https:\/\/quicosenza.it\/news\/wp-content\/uploads\/2023\/02\/chiesa-del-ritiro-Mesoraca-KR.jpg\" alt=\"\" width=\"562\" height=\"348\" title=\"\" srcset=\"https:\/\/quicosenza.it\/news\/wp-content\/uploads\/2023\/02\/chiesa-del-ritiro-Mesoraca-KR.jpg 970w, https:\/\/quicosenza.it\/news\/wp-content\/uploads\/2023\/02\/chiesa-del-ritiro-Mesoraca-KR-300x186.jpg 300w, https:\/\/quicosenza.it\/news\/wp-content\/uploads\/2023\/02\/chiesa-del-ritiro-Mesoraca-KR-768x475.jpg 768w, https:\/\/quicosenza.it\/news\/wp-content\/uploads\/2023\/02\/chiesa-del-ritiro-Mesoraca-KR-150x93.jpg 150w, https:\/\/quicosenza.it\/news\/wp-content\/uploads\/2023\/02\/chiesa-del-ritiro-Mesoraca-KR-696x431.jpg 696w, https:\/\/quicosenza.it\/news\/wp-content\/uploads\/2023\/02\/chiesa-del-ritiro-Mesoraca-KR-679x420.jpg 679w, https:\/\/quicosenza.it\/news\/wp-content\/uploads\/2023\/02\/chiesa-del-ritiro-Mesoraca-KR-356x220.jpg 356w\" sizes=\"auto, (max-width: 562px) 100vw, 562px\" \/><\/p>\n<p>&#8220;<strong>Un fenomeno in crescita<\/strong> &#8211; scrive il rapporto Sud &#8211; intorno al quale si stanno mobilitando istituzioni e operatori per proporre un\u2019offerta sempre pi\u00f9 strutturata. <strong>Pioniera del destination marketing legato al richiamo in patria delle comunit\u00e0 di italiani nel mondo, Sonia Ferrari,<\/strong> docente all\u2019Universit\u00e0 della Calabria, ha studiato il trend, vagliando bisogni e aspettative dei roots tourist. Dalla sua indagine, condotta insieme a T<strong>iziana Nicotera, ricercatrice presso Unical<\/strong>, \u00e8 nato il \u201c<strong>Primo rapporto sul turismo delle radici in Italia\u201d (Egea editore).\u00a0<\/strong>\u00abSe \u00e8 vero che ancora non abbiamo dati statistici sui flussi &#8211; spiega Ferrari \u2013 siamo per\u00f2 in grado di dire che in molti borghi le presenze dei turisti delle radici sono il doppio rispetto ad altre tipologie. E stanno diventando una leva di sviluppo del territorio, soprattutto in quei centri che rischiano lo spopolamento\u00bb.<\/p>\n<h3>Turismo delle radici: ricadute sociali ed economiche<\/h3>\n<p>Qualche settimana fa in occasione di una manifestazione sui vini locali, la docente ha accompagnato in t<strong>our un gruppo di danesi: alcuni erano originari di Scigliano, nel cosentino<\/strong>. Hanno fatto <strong>tappa a Belsito alle cantine Girolamo Basile sul fiume Jassa, poi hanno visitato il paesino della valle del Savuto<\/strong>. Una di loro ha acquistato casa e un altro del gruppo \u00e8 in trattative. \u00abla questione non riguarda solo l\u2019industria del turismo, ma ha<strong> ricadute importanti sul tessuto sociale<\/strong>, sul rilancio dei borghi e quindi anche sull\u2019economia. Basti pensare agli acquisti dei cosiddetti prodotti nostalgia, in particolare quelli agroalimentari, grazie ai quali il ricordo dei luoghi d\u2019origine si perpetua anche dopo il viaggio\u00bb, aggiunge Sonia Ferrari.<\/p>\n<p><img loading=\"lazy\" decoding=\"async\" class=\"wp-image-118925 aligncenter\" src=\"https:\/\/quicosenza.it\/news\/wp-content\/uploads\/2022\/12\/borgo.jpg\" alt=\"\" width=\"604\" height=\"369\" title=\"\" srcset=\"https:\/\/quicosenza.it\/news\/wp-content\/uploads\/2022\/12\/borgo.jpg 900w, https:\/\/quicosenza.it\/news\/wp-content\/uploads\/2022\/12\/borgo-300x183.jpg 300w, https:\/\/quicosenza.it\/news\/wp-content\/uploads\/2022\/12\/borgo-768x469.jpg 768w\" sizes=\"auto, (max-width: 604px) 100vw, 604px\" \/><\/p>\n<h3>Il progetto del PNNR 2024\u00a0 &#8220;Anno delle radici italiane&#8221;<\/h3>\n<p>Anche il ministero degli Esteri e della cooperazione internazionale guarda con attenzione all\u2019evoluzione del trend, tanto da aver sostenuto la pubblicazione del Rapporto redatto da Ferrari e Nicotera, in cui la prima profilazione degli utenti ha riguardato l\u2019Argentina, paese che vanta la pi\u00f9 grande comunit\u00e0 di italiani nel mondo. Ma per promuovere concretamente questo nuovo modello di turismo \u00e8 nato anche un <strong>progetto finanziato dal PNNR <em>\u201cIl Turismo delle Radici \u2013 Una Strategia Integrata per la ripresa del settore del Turismo nell\u2019Italia post Covid-19\u201d. <\/em><\/strong><\/p>\n<p>Vedr\u00e0 il coinvolgimento dei Comuni italiani nelle attivit\u00e0 previste per il 2024 \u201cAnno delle radici italiane\u201d.\u00a0Nell\u2019ambito di tale iniziativa, i Comuni potranno organizzare eventi e attivit\u00e0 di interesse per gli italiani all\u2019estero e per gli italo-discendenti originari del loro territorio, nonch\u00e9 individuare strutture atte all\u2019accoglienza e soggetti disposti ad aderire al programma di scontistica in favore dei turisti delle radici <strong>coinvolgendo i piccoli comuni, con riferimento anche a quelli che contano meno di 5.000\/6.000 abitanti.\u00a0<\/strong>Gli italo-discendenti sono stimati in un bacino di utenza che sfiora gli <strong>80 milioni di persone<\/strong>. Nel <strong>1997<\/strong>\u00a0l\u2019<strong>ENIT<\/strong>\u00a0inseriva nella categoria \u00abTurista delle Radici\u00bb\u00a0<strong>5,8 milioni<\/strong>\u00a0di viaggiatori che visitavano il nostro paese. Nel\u00a0<strong>2018<\/strong>, undici anni dopo, questo numero era aumentato a\u00a0<strong>10 milioni (+72,5%)<\/strong>. Nel <strong>2018<\/strong>\u00a0il flusso economico in entrata generato dal Turismo delle Radici \u00e8 stato pari a circa\u00a0<strong>4 miliardi<\/strong>\u00a0<strong>di euro<\/strong>\u00a0(<strong>+7,5% rispetto all\u2019anno precedente).<\/strong><\/p>\n","protected":false},"excerpt":{"rendered":"<p>COSENZA &#8211; Un fenomeno in continua crescita quello del Turismo delle radici. Vale tanto per la Calabria cos\u00ec come per la Basilicata, due tra le regioni italiane che tra la fine del XIX secolo e l&#8217;inizio del XX hanno visto una significativa emigrazione all&#8217;esterno, soprattutto in altri continenti. Interi nuclei familiari che hanno abbandonato la [&hellip;]<\/p>\n","protected":false},"author":55,"featured_media":206704,"comment_status":"closed","ping_status":"closed","sticky":false,"template":"","format":"standard","meta":{"_acf_changed":false,"footnotes":"","jetpack_publicize_message":"","jetpack_publicize_feature_enabled":true,"jetpack_social_post_already_shared":false,"jetpack_social_options":{"image_generator_settings":{"template":"highway","default_image_id":0,"font":"","enabled":false},"version":2}},"categories":[17],"tags":[19],"class_list":["post-206702","post","type-post","status-publish","format-standard","has-post-thumbnail","hentry","category-calabria","tag-copertina"],"acf":[],"jetpack_publicize_connections":[],"_links":{"self":[{"href":"https:\/\/quicosenza.it\/news\/wp-json\/wp\/v2\/posts\/206702","targetHints":{"allow":["GET"]}}],"collection":[{"href":"https:\/\/quicosenza.it\/news\/wp-json\/wp\/v2\/posts"}],"about":[{"href":"https:\/\/quicosenza.it\/news\/wp-json\/wp\/v2\/types\/post"}],"author":[{"embeddable":true,"href":"https:\/\/quicosenza.it\/news\/wp-json\/wp\/v2\/users\/55"}],"replies":[{"embeddable":true,"href":"https:\/\/quicosenza.it\/news\/wp-json\/wp\/v2\/comments?post=206702"}],"version-history":[{"count":0,"href":"https:\/\/quicosenza.it\/news\/wp-json\/wp\/v2\/posts\/206702\/revisions"}],"wp:featuredmedia":[{"embeddable":true,"href":"https:\/\/quicosenza.it\/news\/wp-json\/wp\/v2\/media\/206704"}],"wp:attachment":[{"href":"https:\/\/quicosenza.it\/news\/wp-json\/wp\/v2\/media?parent=206702"}],"wp:term":[{"taxonomy":"category","embeddable":true,"href":"https:\/\/quicosenza.it\/news\/wp-json\/wp\/v2\/categories?post=206702"},{"taxonomy":"post_tag","embeddable":true,"href":"https:\/\/quicosenza.it\/news\/wp-json\/wp\/v2\/tags?post=206702"}],"curies":[{"name":"wp","href":"https:\/\/api.w.org\/{rel}","templated":true}]}}