{"id":206731,"date":"2023-07-14T22:30:49","date_gmt":"2023-07-14T20:30:49","guid":{"rendered":"https:\/\/www.quicosenza.it\/news\/?p=206731"},"modified":"2023-07-14T22:31:06","modified_gmt":"2023-07-14T20:31:06","slug":"lappello-del-sindaco-voce-non-accorpare-il-parco-di-capo-colonna-a-sibari","status":"publish","type":"post","link":"https:\/\/quicosenza.it\/news\/lappello-del-sindaco-voce-non-accorpare-il-parco-di-capo-colonna-a-sibari\/","title":{"rendered":"L&#8217;appello del sindaco Voce: \u00abnon accorpare il Parco di Capo Colonna a Sibari\u00bb"},"content":{"rendered":"<p>CROTONE &#8211; &#8220;Il Parco di Capo Colonna e i Musei non possono e non debbono essere accorpati al Parco di Sibari che rappresentata una realt\u00e0 distante oltre 100 chilometri e, seppur di analoga origine, che si presenta con forme, storia e tradizioni diverse&#8221;. Lo scrive il <strong>sindaco di Crotone Vincenzo Voce, in una lettera inviata al ministro della Cultura Gennaro Sangiuliano,<\/strong> a proposito della <strong>bozza di riforma dei musei nella quale \u00e8 prevista la trasformazione del parco archeologico di Sibari in parco archeologico di Sibari e Crotone.<\/strong> Contrariamente a quello di Sibari il Parco archeologico di Crotone non gode di autonomia gestionale e per ogni intervento deve fare capo alla direzione regionale dei musei.<\/p>\n<p>&#8220;L&#8217;Heraion Lacinio &#8211; scrive Voce &#8211; tutelato e valorizzato dal Parco archeologico e dal Museo nazionale di Capo Colonna oltre che dal Museo archeologico nazionale di Crotone, \u00e8 una testimonianza concreta della Antica Kroton, una delle pi\u00f9 grandi citt\u00e0 Achee della Magna Grecia&#8221;. Sostenendo che i &#8220;<strong>criteri oggettivi di natura culturale e storica non possono essere ignorati<\/strong> sulla base esclusiva di una mera gestione aziendalistica&#8221;, Voce ricorda al ministro che &#8220;\u00e8 in questa direzione, cio\u00e8 la crescita e lo sviluppo del Parco archeologico di Capo Colonna e dei Musei, che l&#8217;amministrazione con le strutture periferiche del Mic e con la Regione, sta investendo con una concreta progettualit\u00e0 nell&#8217;ambito del percorso di Antica Kroton. Inoltre sembra prospettarsi che all&#8217;accorpamento del Parco di Capo Colonna a quello di Sibari potrebbe seguire la soppressione della Soprintendenza Abap di Catanzaro e Crotone con sede a Crotone, recentemente istituita. Anche questa prospettiva costituirebbe nocumento rispetto a quanto espresso precedentemente&#8221;.<\/p>\n<p>Il sindaco propone al ministro di<strong> dare autonomia gestionale anche a Crotone<\/strong> cosi come richiesto dal Consiglio comunale che di recente ha approvato una mozione ad hoc: &#8220;Scenari positivi, viceversa, potrebbero realizzarsi con il conferimento dell&#8217;autonomia, pienamente crotonese, <strong>per il Parco e i Musei<\/strong> e le strutture gi\u00e0 annesse come la Fortezza di Le Castella, anche in considerazione degli sforzi di natura finanziaria e progettuale che attualmente sono in itinere&#8221;.<\/p>\n<p>&#8220;La nostra &#8211; conclude Voce &#8211; <strong>non \u00e8 una sterile battaglia di campanile<\/strong> ma oltre alle ragioni gi\u00e0 evidenziate sono anche i numeri che supportano la nostra richiesta. Basti pensare che, nonostante difficolt\u00e0 oggettive, i dati relativi alle presenze nelle strutture museali e del Parco superano, dato 2021, le sessantamila unit\u00e0. Un dato che se confrontato con il parco di Sibari (6.384 presenze &#8211; anno 2021) parla da solo&#8221;. In conclusione il<strong> sindaco chiede a Sangiuliano un incontro<\/strong> &#8220;al fine di esporre pi\u00f9 dettagliatamente le nostre motivazioni&#8221;.<\/p>\n","protected":false},"excerpt":{"rendered":"<p>CROTONE &#8211; &#8220;Il Parco di Capo Colonna e i Musei non possono e non debbono essere accorpati al Parco di Sibari che rappresentata una realt\u00e0 distante oltre 100 chilometri e, seppur di analoga origine, che si presenta con forme, storia e tradizioni diverse&#8221;. Lo scrive il sindaco di Crotone Vincenzo Voce, in una lettera inviata [&hellip;]<\/p>\n","protected":false},"author":58,"featured_media":206732,"comment_status":"closed","ping_status":"closed","sticky":false,"template":"","format":"standard","meta":{"_acf_changed":false,"footnotes":"","jetpack_publicize_message":"","jetpack_publicize_feature_enabled":true,"jetpack_social_post_already_shared":false,"jetpack_social_options":{"image_generator_settings":{"template":"highway","default_image_id":0,"font":"","enabled":false},"version":2}},"categories":[17],"tags":[19],"class_list":["post-206731","post","type-post","status-publish","format-standard","has-post-thumbnail","hentry","category-calabria","tag-copertina"],"acf":[],"jetpack_publicize_connections":[],"_links":{"self":[{"href":"https:\/\/quicosenza.it\/news\/wp-json\/wp\/v2\/posts\/206731","targetHints":{"allow":["GET"]}}],"collection":[{"href":"https:\/\/quicosenza.it\/news\/wp-json\/wp\/v2\/posts"}],"about":[{"href":"https:\/\/quicosenza.it\/news\/wp-json\/wp\/v2\/types\/post"}],"author":[{"embeddable":true,"href":"https:\/\/quicosenza.it\/news\/wp-json\/wp\/v2\/users\/58"}],"replies":[{"embeddable":true,"href":"https:\/\/quicosenza.it\/news\/wp-json\/wp\/v2\/comments?post=206731"}],"version-history":[{"count":0,"href":"https:\/\/quicosenza.it\/news\/wp-json\/wp\/v2\/posts\/206731\/revisions"}],"wp:featuredmedia":[{"embeddable":true,"href":"https:\/\/quicosenza.it\/news\/wp-json\/wp\/v2\/media\/206732"}],"wp:attachment":[{"href":"https:\/\/quicosenza.it\/news\/wp-json\/wp\/v2\/media?parent=206731"}],"wp:term":[{"taxonomy":"category","embeddable":true,"href":"https:\/\/quicosenza.it\/news\/wp-json\/wp\/v2\/categories?post=206731"},{"taxonomy":"post_tag","embeddable":true,"href":"https:\/\/quicosenza.it\/news\/wp-json\/wp\/v2\/tags?post=206731"}],"curies":[{"name":"wp","href":"https:\/\/api.w.org\/{rel}","templated":true}]}}