{"id":206746,"date":"2023-07-15T13:31:39","date_gmt":"2023-07-15T11:31:39","guid":{"rendered":"https:\/\/www.quicosenza.it\/news\/?p=206746"},"modified":"2023-07-15T13:31:39","modified_gmt":"2023-07-15T11:31:39","slug":"inaugurato-ad-acri-il-nuovo-presidio-rurale-dei-vigili-del-fuoco","status":"publish","type":"post","link":"https:\/\/quicosenza.it\/news\/inaugurato-ad-acri-il-nuovo-presidio-rurale-dei-vigili-del-fuoco\/","title":{"rendered":"Inaugurato ad Acri il nuovo presidio rurale dei vigili del fuoco"},"content":{"rendered":"<p>ACRI &#8211; <strong>Ad Acri, in provincia di Cosenza \u00e8 stato inaugurato il nuovo presidio rurale dei vigili del fuoco<\/strong>. Il nuovo distretto, in Localit\u00e0 Rondinella, lungo la strada provinciale 184, si aggiunge al presidio gi\u00e0 esistente di Santo Stefano d&#8217;Aspromonte. Alla cerimonia ha partecipato, autorit\u00e0 civili e militari, oltre al sottosegretario di Stato al Ministero dell&#8217;Interno, Wanda Ferro, il neo Capo del Corpo Nazionale dei Vigili del Fuoco, Carlo Dall&#8217;Oppio e il direttore Regionale, Maurizio Lucia.<\/p>\n<p>&nbsp;<\/p>\n<p>\u201c<strong>Da parte del Governo Meloni<\/strong> \u2013 ha dichiarato il sottosegretario di Stato al Ministero dell&#8217;Interno, Wanda Ferro &#8211; <strong>c\u2019\u00e8 l\u2019attenzione verso la nostra regione e nei confronti di questo territorio<\/strong>,\u00a0 che ha una montagna ed una estensione straordinaria\u201d.<\/p>\n<p>&nbsp;<\/p>\n<p>Questo presidio \u2013 ha spiegato invece il neo Capo del Corpo Nazionale dei Vigili del Fuoco, Carlo Dall&#8217;Oppio \u2013 \u00e8 inserito nell\u2019ambito di un progetto su tutto il territorio nazionale, in Calabria ne sono in previsione tre, uno a Santo Stefano d\u2019Aspromonte, inaugurato lo scorso anno, questo \u00e8 il secondo, mentre il prossimo anno ne sar\u00e0 istituito un altro nella zona meridionale del Pollino\u201d.<\/p>\n","protected":false},"excerpt":{"rendered":"<p>ACRI &#8211; Ad Acri, in provincia di Cosenza \u00e8 stato inaugurato il nuovo presidio rurale dei vigili del fuoco. Il nuovo distretto, in Localit\u00e0 Rondinella, lungo la strada provinciale 184, si aggiunge al presidio gi\u00e0 esistente di Santo Stefano d&#8217;Aspromonte. Alla cerimonia ha partecipato, autorit\u00e0 civili e militari, oltre al sottosegretario di Stato al Ministero [&hellip;]<\/p>\n","protected":false},"author":66,"featured_media":206747,"comment_status":"closed","ping_status":"closed","sticky":false,"template":"","format":"video","meta":{"_acf_changed":false,"footnotes":"","jetpack_publicize_message":"","jetpack_publicize_feature_enabled":true,"jetpack_social_post_already_shared":false,"jetpack_social_options":{"image_generator_settings":{"template":"highway","default_image_id":0,"font":"","enabled":false},"version":2}},"categories":[28],"tags":[19,135],"class_list":["post-206746","post","type-post","status-publish","format-video","has-post-thumbnail","hentry","category-provincia","tag-copertina","tag-video","post_format-post-format-video"],"acf":[],"jetpack_publicize_connections":[],"_links":{"self":[{"href":"https:\/\/quicosenza.it\/news\/wp-json\/wp\/v2\/posts\/206746","targetHints":{"allow":["GET"]}}],"collection":[{"href":"https:\/\/quicosenza.it\/news\/wp-json\/wp\/v2\/posts"}],"about":[{"href":"https:\/\/quicosenza.it\/news\/wp-json\/wp\/v2\/types\/post"}],"author":[{"embeddable":true,"href":"https:\/\/quicosenza.it\/news\/wp-json\/wp\/v2\/users\/66"}],"replies":[{"embeddable":true,"href":"https:\/\/quicosenza.it\/news\/wp-json\/wp\/v2\/comments?post=206746"}],"version-history":[{"count":0,"href":"https:\/\/quicosenza.it\/news\/wp-json\/wp\/v2\/posts\/206746\/revisions"}],"wp:featuredmedia":[{"embeddable":true,"href":"https:\/\/quicosenza.it\/news\/wp-json\/wp\/v2\/media\/206747"}],"wp:attachment":[{"href":"https:\/\/quicosenza.it\/news\/wp-json\/wp\/v2\/media?parent=206746"}],"wp:term":[{"taxonomy":"category","embeddable":true,"href":"https:\/\/quicosenza.it\/news\/wp-json\/wp\/v2\/categories?post=206746"},{"taxonomy":"post_tag","embeddable":true,"href":"https:\/\/quicosenza.it\/news\/wp-json\/wp\/v2\/tags?post=206746"}],"curies":[{"name":"wp","href":"https:\/\/api.w.org\/{rel}","templated":true}]}}