{"id":206818,"date":"2023-07-17T15:00:41","date_gmt":"2023-07-17T13:00:41","guid":{"rendered":"https:\/\/www.quicosenza.it\/news\/?p=206818"},"modified":"2023-07-17T14:02:10","modified_gmt":"2023-07-17T12:02:10","slug":"biblioteche-e-spazi-di-lettura-in-scuole-e-ospedali-il-ddl-di-irto-pd-contro-lanalfabetismo","status":"publish","type":"post","link":"https:\/\/quicosenza.it\/news\/biblioteche-e-spazi-di-lettura-in-scuole-e-ospedali-il-ddl-di-irto-pd-contro-lanalfabetismo\/","title":{"rendered":"Biblioteche e spazi di lettura in scuole e ospedali. Il ddl di Irto (PD) contro l&#8217;analfabetismo"},"content":{"rendered":"<p>CATANZARO &#8211; A Palazzo Madama \u00e8 stato depositato un disegno di legge di iniziativa del <strong>senatore Nicola Irto<\/strong>, &#8220;volto &#8211; spiega lo stesso parlamentare &#8211; a <strong>promuovere la lettura in et\u00e0 prescolare<\/strong>, dunque a contrastare sin dall&#8217;infanzia fenomeni di analfabetismo, dispersione scolastica e condizionamento psicologico tramite contenuti del web&#8221;.<\/p>\n<p>L&#8217;articolato, <strong>sottoscritto anche dai senatori Cecilia D&#8217;Elia, Andrea Crisanti, Vincenza Rando e Francesco Verducci,<\/strong> componenti dem della commissione Cultura, prevede una serie di interventi per favorire e incentivare la lettura da parte dei bambini, anche come alternativa all&#8217;utilizzo continuativo dei dispositivi elettronici.<\/p>\n<p>Si va, infatti, dalla possibilit\u00e0 di realizzare <strong>piccole biblioteche negli asili nido e nelle scuole dell&#8217;obbligo<\/strong> a quella di creare <strong>spazi di lettura negli studi pediatrici, nei reparti o negli ambulatori degli ospedali, nei consultori e nei centri vaccinali.<\/strong> In pi\u00f9, la proposta di legge in argomento contempla la redazione di un apposito Piano triennale e l&#8217;istituzione, presso il ministero della Cultura, di un Tavolo ad hoc.<\/p>\n<p>&#8220;Gli interventi legislativi a sostegno dei minori e dello sviluppo culturale &#8211; spiega Irto, che \u00e8 anche segretario dei dem calabresi &#8211; sono sempre i pi\u00f9 utili ma i meno considerati nel contesto attuale, che tende a produrre ignoranza e subalternit\u00e0 invece che conoscenza e autonomia di giudizio. <strong>Nel 2020 la Calabria aveva raggiunto il primo posto in Italia per tasso di analfabetismo, anche funzionale<\/strong>. Bisognava dunque individuare una buona soluzione per superare gli ostacoli alla crescita culturale dei bambini, spesso dipendenti dalla loro condizione economica e sociale. Se il centrodestra vuol dividere il Paese con l&#8217;autonomia differenziata, il Partito democratico &#8211; conclude Irto &#8211; intende unire l&#8217;Italia con l&#8217;istruzione, la conoscenza e la cultura, che sono le basi della libert\u00e0, della solidariet\u00e0, della democrazia e del futuro&#8221;.<\/p>\n","protected":false},"excerpt":{"rendered":"<p>CATANZARO &#8211; A Palazzo Madama \u00e8 stato depositato un disegno di legge di iniziativa del senatore Nicola Irto, &#8220;volto &#8211; spiega lo stesso parlamentare &#8211; a promuovere la lettura in et\u00e0 prescolare, dunque a contrastare sin dall&#8217;infanzia fenomeni di analfabetismo, dispersione scolastica e condizionamento psicologico tramite contenuti del web&#8221;. L&#8217;articolato, sottoscritto anche dai senatori Cecilia [&hellip;]<\/p>\n","protected":false},"author":58,"featured_media":206819,"comment_status":"closed","ping_status":"closed","sticky":false,"template":"","format":"standard","meta":{"_acf_changed":false,"footnotes":"","jetpack_publicize_message":"","jetpack_publicize_feature_enabled":true,"jetpack_social_post_already_shared":false,"jetpack_social_options":{"image_generator_settings":{"template":"highway","default_image_id":0,"font":"","enabled":false},"version":2}},"categories":[17,16],"tags":[19],"class_list":["post-206818","post","type-post","status-publish","format-standard","has-post-thumbnail","hentry","category-calabria","category-italia","tag-copertina"],"acf":[],"jetpack_publicize_connections":[],"_links":{"self":[{"href":"https:\/\/quicosenza.it\/news\/wp-json\/wp\/v2\/posts\/206818","targetHints":{"allow":["GET"]}}],"collection":[{"href":"https:\/\/quicosenza.it\/news\/wp-json\/wp\/v2\/posts"}],"about":[{"href":"https:\/\/quicosenza.it\/news\/wp-json\/wp\/v2\/types\/post"}],"author":[{"embeddable":true,"href":"https:\/\/quicosenza.it\/news\/wp-json\/wp\/v2\/users\/58"}],"replies":[{"embeddable":true,"href":"https:\/\/quicosenza.it\/news\/wp-json\/wp\/v2\/comments?post=206818"}],"version-history":[{"count":0,"href":"https:\/\/quicosenza.it\/news\/wp-json\/wp\/v2\/posts\/206818\/revisions"}],"wp:featuredmedia":[{"embeddable":true,"href":"https:\/\/quicosenza.it\/news\/wp-json\/wp\/v2\/media\/206819"}],"wp:attachment":[{"href":"https:\/\/quicosenza.it\/news\/wp-json\/wp\/v2\/media?parent=206818"}],"wp:term":[{"taxonomy":"category","embeddable":true,"href":"https:\/\/quicosenza.it\/news\/wp-json\/wp\/v2\/categories?post=206818"},{"taxonomy":"post_tag","embeddable":true,"href":"https:\/\/quicosenza.it\/news\/wp-json\/wp\/v2\/tags?post=206818"}],"curies":[{"name":"wp","href":"https:\/\/api.w.org\/{rel}","templated":true}]}}