{"id":206834,"date":"2023-07-17T17:30:14","date_gmt":"2023-07-17T15:30:14","guid":{"rendered":"https:\/\/www.quicosenza.it\/news\/?p=206834"},"modified":"2023-07-17T17:22:46","modified_gmt":"2023-07-17T15:22:46","slug":"lospedale-di-trebisacce-nella-rete-regionale-ma-prima-della-riapertura-sono-necessari-dei-lavori","status":"publish","type":"post","link":"https:\/\/quicosenza.it\/news\/lospedale-di-trebisacce-nella-rete-regionale-ma-prima-della-riapertura-sono-necessari-dei-lavori\/","title":{"rendered":"L&#8217;ospedale di Trebisacce nella rete regionale. Ma prima della riapertura sono necessari dei lavori"},"content":{"rendered":"<p>TREBISACCE (CS) &#8211; Un ospedale chiuso, o meglio depotenziato, attraverso <strong>il piano di rientro<\/strong> attuato nel 2010, e poi riaperto, anche se sono sulla carta, attraverso <strong>una sentenza del Consiglio di Stato<\/strong>. Dopo oltre un decennio sembra proprio che le sorti dell\u2019<strong>ospedale di Trebisacce<\/strong> siano state finalmente ben definite.<\/p>\n<p>Nei giorni scorsi, infatti, \u00e8 arrivato <strong>l\u2019inserimento del nosocomio dell\u2019alto Ionio cosentino<\/strong> <strong>nella rete ospedaliera regionale<\/strong>, deciso dal presidente della Regione Calabria e commissario la sanit\u00e0 <strong>Roberto Occhiuto<\/strong>. Decisione questa che sembra chiudere definitivamente una parentesi aperta diversi anni fa.<\/p>\n<div dir=\"ltr\">L\u2019ospedale di Trebisacce, lo ricordiamo, \u00e8 inserito nell\u2019elenco regionale come <strong>uno dei cinque in zona disagiata<\/strong>. Si tratta, quindi, di un ospedale a tutti gli effetti e, come tale, dovr\u00f2 essere dotato di determinati servizi.\u00a0L\u2019esperienza insegna che, in sanit\u00e0, soprattutto in Calabria, un conto \u00e8 ottenere determinati traguardi sulla carta, un altro \u00e8 <strong>arrivare allo stesso risultato in maniera concreta<\/strong>.<\/div>\n<div dir=\"ltr\"><\/div>\n<div dir=\"ltr\">Tra il dire e il fare, quindi, ci sono <strong>investimenti da compiere ed ospedali da riempire<\/strong>, sia per quanto concerne le strutture sia per quanto riguarda il personale.\u00a0Per evitare che possano dilatarsi i tempi in maniera eccessiva, dalle parti della cittadina ionica si chiede, a breve <strong>l\u2019avvio dei lavori per il pronto soccorso e per le sale operatorie<\/strong>.\u00a0Un\u2019esigenza portata avanti anche dal <strong>sindaco Alex Aurelio<\/strong>, che ha ringraziato Occhiuto per aver inserito l\u2019ospedale di Trebisacce nella rete regionale, ma allo stesso tempo ha chiesto un\u2019accelerazione per l\u2019avvio dei lavori.<\/div>\n<div dir=\"ltr\"><\/div>\n","protected":false},"excerpt":{"rendered":"<p>TREBISACCE (CS) &#8211; Un ospedale chiuso, o meglio depotenziato, attraverso il piano di rientro attuato nel 2010, e poi riaperto, anche se sono sulla carta, attraverso una sentenza del Consiglio di Stato. Dopo oltre un decennio sembra proprio che le sorti dell\u2019ospedale di Trebisacce siano state finalmente ben definite. Nei giorni scorsi, infatti, \u00e8 arrivato [&hellip;]<\/p>\n","protected":false},"author":65,"featured_media":187856,"comment_status":"closed","ping_status":"closed","sticky":false,"template":"","format":"video","meta":{"_acf_changed":false,"footnotes":"","jetpack_publicize_message":"","jetpack_publicize_feature_enabled":true,"jetpack_social_post_already_shared":false,"jetpack_social_options":{"image_generator_settings":{"template":"highway","default_image_id":0,"font":"","enabled":false},"version":2}},"categories":[572],"tags":[19,135],"class_list":["post-206834","post","type-post","status-publish","format-video","has-post-thumbnail","hentry","category-ionio","tag-copertina","tag-video","post_format-post-format-video"],"acf":[],"jetpack_publicize_connections":[],"_links":{"self":[{"href":"https:\/\/quicosenza.it\/news\/wp-json\/wp\/v2\/posts\/206834","targetHints":{"allow":["GET"]}}],"collection":[{"href":"https:\/\/quicosenza.it\/news\/wp-json\/wp\/v2\/posts"}],"about":[{"href":"https:\/\/quicosenza.it\/news\/wp-json\/wp\/v2\/types\/post"}],"author":[{"embeddable":true,"href":"https:\/\/quicosenza.it\/news\/wp-json\/wp\/v2\/users\/65"}],"replies":[{"embeddable":true,"href":"https:\/\/quicosenza.it\/news\/wp-json\/wp\/v2\/comments?post=206834"}],"version-history":[{"count":0,"href":"https:\/\/quicosenza.it\/news\/wp-json\/wp\/v2\/posts\/206834\/revisions"}],"wp:featuredmedia":[{"embeddable":true,"href":"https:\/\/quicosenza.it\/news\/wp-json\/wp\/v2\/media\/187856"}],"wp:attachment":[{"href":"https:\/\/quicosenza.it\/news\/wp-json\/wp\/v2\/media?parent=206834"}],"wp:term":[{"taxonomy":"category","embeddable":true,"href":"https:\/\/quicosenza.it\/news\/wp-json\/wp\/v2\/categories?post=206834"},{"taxonomy":"post_tag","embeddable":true,"href":"https:\/\/quicosenza.it\/news\/wp-json\/wp\/v2\/tags?post=206834"}],"curies":[{"name":"wp","href":"https:\/\/api.w.org\/{rel}","templated":true}]}}