{"id":206890,"date":"2023-07-18T10:20:26","date_gmt":"2023-07-18T08:20:26","guid":{"rendered":"https:\/\/www.quicosenza.it\/news\/?p=206890"},"modified":"2023-07-18T10:44:56","modified_gmt":"2023-07-18T08:44:56","slug":"due-15enni-travolti-da-un-furgone-guidato-da-un-uomo-ubriaco-e-senza-patente-morto-un-ragazzo","status":"publish","type":"post","link":"https:\/\/quicosenza.it\/news\/due-15enni-travolti-da-un-furgone-guidato-da-un-uomo-ubriaco-e-senza-patente-morto-un-ragazzo\/","title":{"rendered":"Due 15enni travolti da un furgone guidato da un uomo ubriaco e senza patente. Morto un ragazzo"},"content":{"rendered":"<p>GARBAGNATE (MI) &#8211;<strong> Due 15enne stavano attraversando sulle strisce<\/strong> con le loro biciclette quando sono stati <strong>travolti da un furgone<\/strong>. Il bilancio \u00e8 drammatico: <strong>un ragazzo \u00e8 morto, mentre la ragazza si trova ricoverata in gravi condizioni<\/strong>. \u00c8 accaduto tutto ieri sera intorno alle 22.30 in via Kennedy a Garbagnate Milanese dove il 118 \u00e8 intervenuto con due ambulanze e un elicottero. Il furgone era guidato da un 32enne, che si \u00e8 poi fermato a prestare soccorso, r<strong>isultato positivo all&#8217;alcoltest e senza patente: \u00e8 stato arrestato per omicidio stradale<\/strong>.<\/p>\n<p><strong>I<\/strong>l ragazzo \u00e8 stato trasportato all&#8217;ospedale San Gerardo di Monza in arresto cardiaco, ed \u00e8 deceduto poco dopo. La giovane, in elicottero, all&#8217;ospedale Niguarda di Milano in coma. L&#8217;investitore, di nazionalit\u00e0 rumena, che si trovava a bordo di un furgone, \u00e8 stato portato dai carabinieri di Rho (Milano) nel carcere di San Vittore a Milano in attesa delle decisioni dell&#8217;autorit\u00e0 giudiziaria, che ha anche disposto l&#8217;autopsia sul corpo della giovane vittima. <strong>Bogdan Pasca, il 32enne ora in carcere per omicidio stradale era gi\u00e0 stato denunciato diverse volte dal 2016<\/strong>, in seguito a controlli, per guida in stato di ebbrezza e senza patente.<\/p>\n<p><img loading=\"lazy\" decoding=\"async\" class=\"wp-image-206894 aligncenter\" src=\"https:\/\/quicosenza.it\/news\/wp-content\/uploads\/2023\/07\/Travolti-bici.jpg\" alt=\"\" width=\"519\" height=\"307\" title=\"\" srcset=\"https:\/\/quicosenza.it\/news\/wp-content\/uploads\/2023\/07\/Travolti-bici.jpg 970w, https:\/\/quicosenza.it\/news\/wp-content\/uploads\/2023\/07\/Travolti-bici-300x178.jpg 300w, https:\/\/quicosenza.it\/news\/wp-content\/uploads\/2023\/07\/Travolti-bici-768x454.jpg 768w, https:\/\/quicosenza.it\/news\/wp-content\/uploads\/2023\/07\/Travolti-bici-150x89.jpg 150w, https:\/\/quicosenza.it\/news\/wp-content\/uploads\/2023\/07\/Travolti-bici-696x412.jpg 696w, https:\/\/quicosenza.it\/news\/wp-content\/uploads\/2023\/07\/Travolti-bici-710x420.jpg 710w\" sizes=\"auto, (max-width: 519px) 100vw, 519px\" \/><\/p>\n<p>Da quanto si \u00e8 saputo, <strong>i due 15enni stavano attraversando la strada sulle strisce pedonali in sella ad una bicicletta<\/strong>, mentre su un&#8217;altra bici c&#8217;erano altri due ragazzi, loro amici, non coinvolti nell&#8217;incidente. Il PM di turno Mauro Clerici nelle prossime ore inoltrer\u00e0 al gip la richiesta di convalida dell&#8217;arresto e di custodia in carcere.<\/p>\n","protected":false},"excerpt":{"rendered":"<p>GARBAGNATE (MI) &#8211; Due 15enne stavano attraversando sulle strisce con le loro biciclette quando sono stati travolti da un furgone. Il bilancio \u00e8 drammatico: un ragazzo \u00e8 morto, mentre la ragazza si trova ricoverata in gravi condizioni. \u00c8 accaduto tutto ieri sera intorno alle 22.30 in via Kennedy a Garbagnate Milanese dove il 118 \u00e8 [&hellip;]<\/p>\n","protected":false},"author":55,"featured_media":206891,"comment_status":"closed","ping_status":"closed","sticky":false,"template":"","format":"standard","meta":{"_acf_changed":false,"footnotes":"","jetpack_publicize_message":"","jetpack_publicize_feature_enabled":true,"jetpack_social_post_already_shared":false,"jetpack_social_options":{"image_generator_settings":{"template":"highway","default_image_id":0,"font":"","enabled":false},"version":2}},"categories":[16],"tags":[19],"class_list":["post-206890","post","type-post","status-publish","format-standard","has-post-thumbnail","hentry","category-italia","tag-copertina"],"acf":[],"jetpack_publicize_connections":[],"_links":{"self":[{"href":"https:\/\/quicosenza.it\/news\/wp-json\/wp\/v2\/posts\/206890","targetHints":{"allow":["GET"]}}],"collection":[{"href":"https:\/\/quicosenza.it\/news\/wp-json\/wp\/v2\/posts"}],"about":[{"href":"https:\/\/quicosenza.it\/news\/wp-json\/wp\/v2\/types\/post"}],"author":[{"embeddable":true,"href":"https:\/\/quicosenza.it\/news\/wp-json\/wp\/v2\/users\/55"}],"replies":[{"embeddable":true,"href":"https:\/\/quicosenza.it\/news\/wp-json\/wp\/v2\/comments?post=206890"}],"version-history":[{"count":0,"href":"https:\/\/quicosenza.it\/news\/wp-json\/wp\/v2\/posts\/206890\/revisions"}],"wp:featuredmedia":[{"embeddable":true,"href":"https:\/\/quicosenza.it\/news\/wp-json\/wp\/v2\/media\/206891"}],"wp:attachment":[{"href":"https:\/\/quicosenza.it\/news\/wp-json\/wp\/v2\/media?parent=206890"}],"wp:term":[{"taxonomy":"category","embeddable":true,"href":"https:\/\/quicosenza.it\/news\/wp-json\/wp\/v2\/categories?post=206890"},{"taxonomy":"post_tag","embeddable":true,"href":"https:\/\/quicosenza.it\/news\/wp-json\/wp\/v2\/tags?post=206890"}],"curies":[{"name":"wp","href":"https:\/\/api.w.org\/{rel}","templated":true}]}}