{"id":207054,"date":"2023-07-23T08:00:45","date_gmt":"2023-07-23T06:00:45","guid":{"rendered":"https:\/\/www.quicosenza.it\/news\/?p=207054"},"modified":"2023-07-19T18:06:05","modified_gmt":"2023-07-19T16:06:05","slug":"tutto-pronto-per-il-festival-delle-alici-del-tirreno-cosentino-dal-29-luglio-al-1-agosto","status":"publish","type":"post","link":"https:\/\/quicosenza.it\/news\/tutto-pronto-per-il-festival-delle-alici-del-tirreno-cosentino-dal-29-luglio-al-1-agosto\/","title":{"rendered":"Tutto pronto per il Festival delle Alici del Tirreno cosentino, dal 29 luglio al 1 agosto"},"content":{"rendered":"<p>COSENZA &#8211; Una kermesse capace, ogni anno, di stupire le migliaia di visitatori provenienti da <strong>ogni parte della Calabria, dall\u2019Italia ed anche dall\u2019estero<\/strong>, che ha riservato, anche per questa prossima edizione, <strong>numerose sorprese e variegate attrattive<\/strong>, oltre, naturalmente, a quello che \u00e8 il punto di forza, declinato in originalit\u00e0, in prelibatezze e nei gusti: il <strong>percorso gastronomico<\/strong>. Un\u2019<strong>esperienza del gusto<\/strong> che solo questa manifestazione riesce ad offrire e che si arricchisce di maggiori presenze, soprattutto da fuori regione.<\/p>\n<p><img loading=\"lazy\" decoding=\"async\" class=\"size-medium wp-image-205922 aligncenter\" src=\"https:\/\/quicosenza.it\/news\/wp-content\/uploads\/2023\/07\/Festival-delle-Alici-Fuscaldo-2023-locandina-300x297.jpg\" alt=\"\" width=\"300\" height=\"297\" title=\"\" srcset=\"https:\/\/quicosenza.it\/news\/wp-content\/uploads\/2023\/07\/Festival-delle-Alici-Fuscaldo-2023-locandina-300x297.jpg 300w, https:\/\/quicosenza.it\/news\/wp-content\/uploads\/2023\/07\/Festival-delle-Alici-Fuscaldo-2023-locandina-150x148.jpg 150w, https:\/\/quicosenza.it\/news\/wp-content\/uploads\/2023\/07\/Festival-delle-Alici-Fuscaldo-2023-locandina-424x420.jpg 424w, https:\/\/quicosenza.it\/news\/wp-content\/uploads\/2023\/07\/Festival-delle-Alici-Fuscaldo-2023-locandina.jpg 576w\" sizes=\"auto, (max-width: 300px) 100vw, 300px\" \/><\/p>\n<p>&nbsp;<\/p>\n<p>Un<strong> pesce che offre qualit\u00e0 e caratteristiche differenti<\/strong> rispetto alle alici di altri mari ed \u00e9 proprio su questa tematica che ci sar\u00e0 la prima novit\u00e0, ovvero la presentazione, a cura del <strong>Flag \u201cLa Perla del Tirreno\u201d<\/strong>, di una ricerca universitaria in cui verranno illustrate le peculiarit\u00e0 e le propriet\u00e0 delle alici di Fuscaldo. Altra sorpresa sar\u00e0 il<strong> \u201cFuscaldo Sea Experience\u201d,<\/strong> un bellissimo ed affascinante viaggio multimediale nella storia della marineria, che sar\u00e0 ospitato all\u2019interno del prestigioso <strong>Palazzo Scirchio<\/strong>.<\/p>\n<h3>Musica e intrattenimento<\/h3>\n<p>Spazio, poi, alle <strong>aree musicali<\/strong>, alle aree in cui si esibiranno le scuole di ballo e le danze latine, agli artisti di strada, agli spettacoli ed alle mostre, alle street band, alle dirette radio di <strong>RLB &#8211; radio ufficiale del Festival e tante altre sorprese<\/strong>, che culmineranno con il grande spettacolo pirotecnico a ritmo di musica. Quest\u2019anno, verr\u00e0 poi lanciata la <strong>birra del Festival delle Alici<\/strong>, nata dalla collaborazione e dalla partnership tra il Comune di Fuscaldo e Birra Salento. Un progetto ambizioso, che sar\u00e0 illustrato nelle prossime conferenze in programma.<\/p>\n<p><img loading=\"lazy\" decoding=\"async\" class=\"size-medium wp-image-193303 aligncenter\" src=\"https:\/\/quicosenza.it\/news\/wp-content\/uploads\/2023\/02\/foto-copertina-festival-delle-alici-2022-fuscaldo-300x186.jpg\" alt=\"\" width=\"300\" height=\"186\" title=\"\" srcset=\"https:\/\/quicosenza.it\/news\/wp-content\/uploads\/2023\/02\/foto-copertina-festival-delle-alici-2022-fuscaldo-300x186.jpg 300w, https:\/\/quicosenza.it\/news\/wp-content\/uploads\/2023\/02\/foto-copertina-festival-delle-alici-2022-fuscaldo-768x475.jpg 768w, https:\/\/quicosenza.it\/news\/wp-content\/uploads\/2023\/02\/foto-copertina-festival-delle-alici-2022-fuscaldo-150x93.jpg 150w, https:\/\/quicosenza.it\/news\/wp-content\/uploads\/2023\/02\/foto-copertina-festival-delle-alici-2022-fuscaldo-696x431.jpg 696w, https:\/\/quicosenza.it\/news\/wp-content\/uploads\/2023\/02\/foto-copertina-festival-delle-alici-2022-fuscaldo-679x420.jpg 679w, https:\/\/quicosenza.it\/news\/wp-content\/uploads\/2023\/02\/foto-copertina-festival-delle-alici-2022-fuscaldo-356x220.jpg 356w, https:\/\/quicosenza.it\/news\/wp-content\/uploads\/2023\/02\/foto-copertina-festival-delle-alici-2022-fuscaldo.jpg 970w\" sizes=\"auto, (max-width: 300px) 100vw, 300px\" \/><\/p>\n<h3>Un&#8217;offerta turistica d&#8217; insieme<\/h3>\n<p>Un\u2019edizione che si prospetta, dunque, ancor pi\u00f9 attrattiva ed imponente, dietro la quale si muove un\u2019organizzazione che, in questi mesi, non si \u00e8 fermata mai un momento, coordinata dal sindaco<strong> Giacomo Middea<\/strong> che ha voluto altres\u00ec<strong> fare rete con i comuni del Tirreno cosentino,<\/strong> a dimostrazione che la realizzazione di una programmazione e di un\u2019<strong>offerta turistica comprensoriale e d\u2019insieme<\/strong>, cos\u00ec come accade nelle migliori realt\u00e0 turistiche d\u2019Italia, \u00e9 possibile.<\/p>\n","protected":false},"excerpt":{"rendered":"<p>COSENZA &#8211; Una kermesse capace, ogni anno, di stupire le migliaia di visitatori provenienti da ogni parte della Calabria, dall\u2019Italia ed anche dall\u2019estero, che ha riservato, anche per questa prossima edizione, numerose sorprese e variegate attrattive, oltre, naturalmente, a quello che \u00e8 il punto di forza, declinato in originalit\u00e0, in prelibatezze e nei gusti: il [&hellip;]<\/p>\n","protected":false},"author":45,"featured_media":205921,"comment_status":"closed","ping_status":"closed","sticky":false,"template":"","format":"standard","meta":{"_acf_changed":false,"footnotes":"","jetpack_publicize_message":"","jetpack_publicize_feature_enabled":true,"jetpack_social_post_already_shared":false,"jetpack_social_options":{"image_generator_settings":{"template":"highway","default_image_id":0,"font":"","enabled":false},"version":2}},"categories":[576],"tags":[],"class_list":["post-207054","post","type-post","status-publish","format-standard","has-post-thumbnail","hentry","category-tirreno"],"acf":[],"jetpack_publicize_connections":[],"_links":{"self":[{"href":"https:\/\/quicosenza.it\/news\/wp-json\/wp\/v2\/posts\/207054","targetHints":{"allow":["GET"]}}],"collection":[{"href":"https:\/\/quicosenza.it\/news\/wp-json\/wp\/v2\/posts"}],"about":[{"href":"https:\/\/quicosenza.it\/news\/wp-json\/wp\/v2\/types\/post"}],"author":[{"embeddable":true,"href":"https:\/\/quicosenza.it\/news\/wp-json\/wp\/v2\/users\/45"}],"replies":[{"embeddable":true,"href":"https:\/\/quicosenza.it\/news\/wp-json\/wp\/v2\/comments?post=207054"}],"version-history":[{"count":0,"href":"https:\/\/quicosenza.it\/news\/wp-json\/wp\/v2\/posts\/207054\/revisions"}],"wp:featuredmedia":[{"embeddable":true,"href":"https:\/\/quicosenza.it\/news\/wp-json\/wp\/v2\/media\/205921"}],"wp:attachment":[{"href":"https:\/\/quicosenza.it\/news\/wp-json\/wp\/v2\/media?parent=207054"}],"wp:term":[{"taxonomy":"category","embeddable":true,"href":"https:\/\/quicosenza.it\/news\/wp-json\/wp\/v2\/categories?post=207054"},{"taxonomy":"post_tag","embeddable":true,"href":"https:\/\/quicosenza.it\/news\/wp-json\/wp\/v2\/tags?post=207054"}],"curies":[{"name":"wp","href":"https:\/\/api.w.org\/{rel}","templated":true}]}}