{"id":207057,"date":"2023-07-19T18:11:00","date_gmt":"2023-07-19T16:11:00","guid":{"rendered":"https:\/\/www.quicosenza.it\/news\/?p=207057"},"modified":"2023-07-19T18:11:00","modified_gmt":"2023-07-19T16:11:00","slug":"stadio-marulla-guarascio-diserta-lincontro-con-il-sindaco-grave-scorrettezza","status":"publish","type":"post","link":"https:\/\/quicosenza.it\/news\/stadio-marulla-guarascio-diserta-lincontro-con-il-sindaco-grave-scorrettezza\/","title":{"rendered":"Stadio &#8216;Marulla&#8217;, Guarascio diserta l&#8217;incontro con il sindaco: \u00abgrave scorrettezza\u00bb"},"content":{"rendered":"<p>COSENZA &#8211; <strong>Il Sindaco Franz Caruso stigmatizza l&#8217;assenza del Presidente Guarascio<\/strong> dall&#8217;incontro concordato per il pomeriggio di oggi a Palazzo dei Bruzi per mettere a punto gli ultimi dettagli dello schema di convenzione per la<strong> concessione dello Stadio.<\/strong><\/p>\n<p>&#8220;Mi duole constatare la <strong>grave scorrettezza istituzionale<\/strong> della quale si \u00e8 reso responsabile il Presidente del Cosenza Calcio, Guarascio, nel momento in cui <strong>ha disertato l&#8217;appuntamento che avevamo insieme concordato<\/strong>, per il pomeriggio di oggi a Palazzo dei Bruzi, per mettere a punto gli ultimi dettagli dello s<strong>chema di convenzione relativo alla concessione al Cosenza calcio, per cinque anni, dello stadio &#8220;San Vito-Marulla&#8221;,<\/strong> e che sar\u00e0 portato il prossimo 28 luglio in Consiglio comunale&#8221;.<\/p>\n<p>Cos\u00ec il Sindaco Franz Caruso, visibilmente contrariato per l&#8217;inaspettata assenza del presidente del Cosenza Calcio che non si \u00e8 presentato all&#8217;incontro concordato con il primo cittadino.<\/p>\n<p>&#8220;Questo inspiegabile atteggiamento, assolutamente incomprensibile \u2013 ha ribadito Franz Caruso \u2013 crea una frattura difficilmente sanabile. Nello stigmatizzare il comportamento del Presidente della societ\u00e0 di calcio \u2013 ha aggiunto il Sindaco Franz Caruso \u2013 che ha incaricato all&#8217;incontro una delegazione, mentre avrebbe dovuto, per ragioni legate al garbo istituzionale, presentarsi, come d&#8217;intesa, di persona, ribadiamo, per rispetto della storia del Cosenza calcio e di tutta la tifoseria rossobl\u00f9, che <strong>individueremo una soluzione autonoma<\/strong> che sar\u00e0 quella che sottoporremo il 28 luglio all&#8217;attenzione del Consiglio comunale. Il nostro resta un atteggiamento di grande responsabilit\u00e0, attaccati come siamo ai colori della nostra squadra ed al suo futuro. Per queste ragioni avevamo accettato di concedere per cinque anni lo stadio a condizioni estremamente vantaggiose per la societ\u00e0. Ora andremo per la nostra strada, ma quel che \u00e8 accaduto \u00e8 veramente inaccettabile&#8221;.<\/p>\n","protected":false},"excerpt":{"rendered":"<p>COSENZA &#8211; Il Sindaco Franz Caruso stigmatizza l&#8217;assenza del Presidente Guarascio dall&#8217;incontro concordato per il pomeriggio di oggi a Palazzo dei Bruzi per mettere a punto gli ultimi dettagli dello schema di convenzione per la concessione dello Stadio. &#8220;Mi duole constatare la grave scorrettezza istituzionale della quale si \u00e8 reso responsabile il Presidente del Cosenza [&hellip;]<\/p>\n","protected":false},"author":58,"featured_media":207059,"comment_status":"closed","ping_status":"closed","sticky":false,"template":"","format":"standard","meta":{"_acf_changed":false,"footnotes":"","jetpack_publicize_message":"","jetpack_publicize_feature_enabled":true,"jetpack_social_post_already_shared":false,"jetpack_social_options":{"image_generator_settings":{"template":"highway","default_image_id":0,"font":"","enabled":false},"version":2}},"categories":[563,42],"tags":[19],"class_list":["post-207057","post","type-post","status-publish","format-standard","has-post-thumbnail","hentry","category-area-urbana","category-cosenza","tag-copertina"],"acf":[],"jetpack_publicize_connections":[],"_links":{"self":[{"href":"https:\/\/quicosenza.it\/news\/wp-json\/wp\/v2\/posts\/207057","targetHints":{"allow":["GET"]}}],"collection":[{"href":"https:\/\/quicosenza.it\/news\/wp-json\/wp\/v2\/posts"}],"about":[{"href":"https:\/\/quicosenza.it\/news\/wp-json\/wp\/v2\/types\/post"}],"author":[{"embeddable":true,"href":"https:\/\/quicosenza.it\/news\/wp-json\/wp\/v2\/users\/58"}],"replies":[{"embeddable":true,"href":"https:\/\/quicosenza.it\/news\/wp-json\/wp\/v2\/comments?post=207057"}],"version-history":[{"count":0,"href":"https:\/\/quicosenza.it\/news\/wp-json\/wp\/v2\/posts\/207057\/revisions"}],"wp:featuredmedia":[{"embeddable":true,"href":"https:\/\/quicosenza.it\/news\/wp-json\/wp\/v2\/media\/207059"}],"wp:attachment":[{"href":"https:\/\/quicosenza.it\/news\/wp-json\/wp\/v2\/media?parent=207057"}],"wp:term":[{"taxonomy":"category","embeddable":true,"href":"https:\/\/quicosenza.it\/news\/wp-json\/wp\/v2\/categories?post=207057"},{"taxonomy":"post_tag","embeddable":true,"href":"https:\/\/quicosenza.it\/news\/wp-json\/wp\/v2\/tags?post=207057"}],"curies":[{"name":"wp","href":"https:\/\/api.w.org\/{rel}","templated":true}]}}