{"id":207066,"date":"2023-07-19T23:00:08","date_gmt":"2023-07-19T21:00:08","guid":{"rendered":"https:\/\/www.quicosenza.it\/news\/?p=207066"},"modified":"2023-07-19T20:12:05","modified_gmt":"2023-07-19T18:12:05","slug":"caso-ospedale-di-paola-sindaco-sotto-attacco-fdi-contro-graziano-e-vergognoso","status":"publish","type":"post","link":"https:\/\/quicosenza.it\/news\/caso-ospedale-di-paola-sindaco-sotto-attacco-fdi-contro-graziano-e-vergognoso\/","title":{"rendered":"Caso ospedale di Paola, sindaco sotto attacco. FdI contro Graziano: \u00ab\u00e8 vergognoso\u00bb"},"content":{"rendered":"<p>PAOLA- &#8220;Le <strong>dichiarazioni rilasciate dall&#8217;ex consigliere regionale, Graziano Di Natale e dal comitato popolare,<\/strong> rivolte al sindaco della citt\u00e0 di Paola, Giovanni Politano sono letteralmente vergognose. <strong>Viene accusato un primo cittadino strumentalizzando la sua assenza odierna<\/strong>, quando lo stesso si trova all&#8217;ospedale di Catanzaro per stare vicino al proprio pap\u00e0, operato al cuore. Quale forza politica e componente di maggioranza stigmatizziamo questa mancanza di rispetto verso un sindaco, la cui unica colpa \u00e8 quella di non aver strumentalizzato la vicenda sanitaria come sta facendo invece il Partito Democratico di Paola. Al contempo, dato che Di Natale chiede &#8211; in maniera grottesca &#8211; le dimissioni del sindaco, pensi a far dimettere chi lo rappresenta &#8211; ad oggi &#8211; in giunta. Noi andiamo avanti, solidi e con la forza dei numeri in consiglio comunale&#8221;.<\/p>\n<h3>FdI Paola: &#8220;sul sindaco troppe falsit\u00e0&#8221;<\/h3>\n<p>Non ammette repliche il <strong>circolo di Paola di Fratelli D&#8217;Italia<\/strong>, in una nota stampa che cos\u00ec prosegue: &#8220;<strong>Giovanni Politano<\/strong> merita rispetto. <strong>Su di lui troppe falsit\u00e0<\/strong>. La smania di visibilit\u00e0 continuamente ricercata da chi attualmente \u00e8 fuori dalle istituzioni inizia seriamente a ledere la dignit\u00e0 di un sindaco che ha rispettato tutte le tappe per difendere l&#8217;ospedale San Francesco. La sua unica colpa \u00e8 stata quella &#8211; a loro detta &#8211; di non seguire il Partito Democratico nei girotondi attorno all&#8217;Ospedale, ma di tentare <strong>una mediazione istituzionale con il Presidente Occhiuto e con i vertici dell&#8217;Asp<\/strong>. Non ci sembra che ad oggi il comitato popolare abbia ottenuto qualcosa da queste proteste folcroristiche. Ha piuttosto puntato il dito nei confronti di una maggioranza dove, pur non avendo pi\u00f9 numeri, continua a farne parte&#8221;.<\/p>\n<p>Fratelli D&#8217;Italia sottolinea: &#8220;La Migliore Calabria ha posti in giunta ed attacca la sua stessa maggioranza. Faccia pace con il cervello. Noi &#8211; quale amministrazione comunale &#8211; stiamo seguendo un iter. Venute meno le garanzie di Occhiuto, abbiamo avviato due ricorsi al Tar, e abbiamo chiesto udienza presso il Ministero della salute. <strong>Non \u00e8 affatto vero che siamo contro l&#8217;Ospedale di Paola<\/strong>. Simili affermazioni sono lesive della nostra dignit\u00e0. Non ci piacciono le sceneggiate di chi strumentalizza la sanit\u00e0 pubblica per farsi campagna elettorale ed avere uno spazio e &#8211; inoltre &#8211; non siamo gli unici a pensarla cos\u00ec, dato che oggi a Catanzaro c&#8217;erano solo ed esclusivamente forze politiche riconducibili a Graziano Di Natale e Roberto Perrotta. Un motivo ci sar\u00e0. Di Natale \u00e8 politicamente isolato e cerca di spostare attenzione altrove, ma i cittadini non sono stupidi&#8221;.<\/p>\n<p>La compagine, coordinata dal segretario, Mattia Marzullo va avanti nella propria disamina: &#8220;<strong>un sindaco non ha potere decisionale sulla sanit\u00e0. \u00c8 bene ribadirlo<\/strong>. <strong>Il Presidente Occhiuto ha fatto delle scelte,<\/strong> e a dirla tutta, il governatore \u00e8 di uno schieramento politico che a Paola &#8211; insieme a Gentile e Gallo &#8211; ha sostenuto la candidatura di Emira Ciodaro a sindaco. Noi non abbiamo nessuna vicinanza politica con lui. Solo dialogo istituzionale. I Paolani &#8211; conclude la nota &#8211; aprano gli occhi senza farsi gettare fumo negli occhi. A Giovanni Politano la nostra pi\u00f9 viva solidariet\u00e0 e vicinanza, con l&#8217;auspicio di buona guarigione per il suo amato pap\u00e0&#8221;.<\/p>\n","protected":false},"excerpt":{"rendered":"<p>PAOLA- &#8220;Le dichiarazioni rilasciate dall&#8217;ex consigliere regionale, Graziano Di Natale e dal comitato popolare, rivolte al sindaco della citt\u00e0 di Paola, Giovanni Politano sono letteralmente vergognose. Viene accusato un primo cittadino strumentalizzando la sua assenza odierna, quando lo stesso si trova all&#8217;ospedale di Catanzaro per stare vicino al proprio pap\u00e0, operato al cuore. Quale forza [&hellip;]<\/p>\n","protected":false},"author":58,"featured_media":200406,"comment_status":"closed","ping_status":"closed","sticky":false,"template":"","format":"standard","meta":{"_acf_changed":false,"footnotes":"","jetpack_publicize_message":"","jetpack_publicize_feature_enabled":true,"jetpack_social_post_already_shared":false,"jetpack_social_options":{"image_generator_settings":{"template":"highway","default_image_id":0,"font":"","enabled":false},"version":2}},"categories":[28],"tags":[19],"class_list":["post-207066","post","type-post","status-publish","format-standard","has-post-thumbnail","hentry","category-provincia","tag-copertina"],"acf":[],"jetpack_publicize_connections":[],"_links":{"self":[{"href":"https:\/\/quicosenza.it\/news\/wp-json\/wp\/v2\/posts\/207066","targetHints":{"allow":["GET"]}}],"collection":[{"href":"https:\/\/quicosenza.it\/news\/wp-json\/wp\/v2\/posts"}],"about":[{"href":"https:\/\/quicosenza.it\/news\/wp-json\/wp\/v2\/types\/post"}],"author":[{"embeddable":true,"href":"https:\/\/quicosenza.it\/news\/wp-json\/wp\/v2\/users\/58"}],"replies":[{"embeddable":true,"href":"https:\/\/quicosenza.it\/news\/wp-json\/wp\/v2\/comments?post=207066"}],"version-history":[{"count":0,"href":"https:\/\/quicosenza.it\/news\/wp-json\/wp\/v2\/posts\/207066\/revisions"}],"wp:featuredmedia":[{"embeddable":true,"href":"https:\/\/quicosenza.it\/news\/wp-json\/wp\/v2\/media\/200406"}],"wp:attachment":[{"href":"https:\/\/quicosenza.it\/news\/wp-json\/wp\/v2\/media?parent=207066"}],"wp:term":[{"taxonomy":"category","embeddable":true,"href":"https:\/\/quicosenza.it\/news\/wp-json\/wp\/v2\/categories?post=207066"},{"taxonomy":"post_tag","embeddable":true,"href":"https:\/\/quicosenza.it\/news\/wp-json\/wp\/v2\/tags?post=207066"}],"curies":[{"name":"wp","href":"https:\/\/api.w.org\/{rel}","templated":true}]}}