{"id":207073,"date":"2023-07-20T06:30:28","date_gmt":"2023-07-20T04:30:28","guid":{"rendered":"https:\/\/www.quicosenza.it\/news\/?p=207073"},"modified":"2023-07-19T20:55:17","modified_gmt":"2023-07-19T18:55:17","slug":"continue-intimidazioni-ai-sindaci-calabresi-scutella-chiede-interventi-urgenti-al-governo","status":"publish","type":"post","link":"https:\/\/quicosenza.it\/news\/continue-intimidazioni-ai-sindaci-calabresi-scutella-chiede-interventi-urgenti-al-governo\/","title":{"rendered":"Continue intimidazioni ai sindaci calabresi, Scutell\u00e0 chiede &#8216;interventi urgenti&#8217; al Governo"},"content":{"rendered":"<p>ROMA &#8211; \u00abNella nostra Regione continuano a susseguirsi atti intimidatori ai danni degli amministratori locali. L&#8217;ultimo \u00e8 avvenuto solo pochi giorni fa nei confronti del <strong><a href=\"https:\/\/quicosenza.it\/news\/tirreno\/san-lucido-linsegna-del-cimitero-affissa-fuori-dal-municipio-vile-atto-intimidatorio\" target=\"_blank\" rel=\"noopener\">sindaco di San Lucido, Cosimo De Tommas<\/a><\/strong>o: accanto alla sua auto \u00e8 stata posizionata l&#8217;insegna stradale che indica la direzione per il cimitero. La rete di protezioni per i nostri primi cittadini deve necessariamente essere potenziata\u00bb. Lo dichiara in una nota la deputata del Movimento 5 Stelle, <strong>Elisa Scutell\u00e0.<\/strong><\/p>\n<p class=\"v1MsoNormal\">\u00abNel 2022 secondo i dati registrati da &#8220;Avviso Pubblico&#8221; <strong>la Calabria risulta essere tra le regioni pi\u00f9 colpite da atti intimidatori contro sindaci, assessori, consiglieri comunali<\/strong> e municipali, amministratori regionali e dipendenti della Pubblica Amministrazione. Inoltre, &#8211; prosegue la Scutell\u00e0 &#8211; ci\u00f2 che dovrebbe far riflettere per agire con maggiore fermezza, \u00e8 che il 21% dei 326 casi censiti da &#8220;Avviso Pubblico&#8221; nel nostro Paese nel 2022 sono avvenuti in Comuni che in un passato pi\u00f9 o meno recente sono stati sciolti per infiltrazioni mafiose e fra questi, 14 Comuni rientrano nella regione Calabria.<\/p>\n<p class=\"v1MsoNormal\">\u00abHo cos\u00ec depositato un&#8217;interrogazione parlamentare nella quale <strong>ho richiesto al Ministro dell&#8217;Interno di adottare iniziative urgenti<\/strong> per garantire un maggiore controllo del territorio ed una efficiente rete di sicurezza a tutela dei sindaci e di tutti gli amministratori locali. Inoltre, &#8211; conclude la Scutell\u00e0 &#8211; reputo opportuno che il ministro Piantedosi attivi con urgenza un tavolo specifico con le Prefetture per mettere in sicurezza il lavoro degli amministratori locali delle provincie calabresi pi\u00f9 colpite da atti intimidatori affinch\u00e8 siano maggiormente tutelati e salvaguardati dallo Stato\u00bb.<\/p>\n","protected":false},"excerpt":{"rendered":"<p>ROMA &#8211; \u00abNella nostra Regione continuano a susseguirsi atti intimidatori ai danni degli amministratori locali. L&#8217;ultimo \u00e8 avvenuto solo pochi giorni fa nei confronti del sindaco di San Lucido, Cosimo De Tommaso: accanto alla sua auto \u00e8 stata posizionata l&#8217;insegna stradale che indica la direzione per il cimitero. La rete di protezioni per i nostri [&hellip;]<\/p>\n","protected":false},"author":58,"featured_media":207074,"comment_status":"closed","ping_status":"closed","sticky":false,"template":"","format":"standard","meta":{"_acf_changed":false,"footnotes":"","jetpack_publicize_message":"","jetpack_publicize_feature_enabled":true,"jetpack_social_post_already_shared":false,"jetpack_social_options":{"image_generator_settings":{"template":"highway","default_image_id":0,"font":"","enabled":false},"version":2}},"categories":[17],"tags":[],"class_list":["post-207073","post","type-post","status-publish","format-standard","has-post-thumbnail","hentry","category-calabria"],"acf":[],"jetpack_publicize_connections":[],"_links":{"self":[{"href":"https:\/\/quicosenza.it\/news\/wp-json\/wp\/v2\/posts\/207073","targetHints":{"allow":["GET"]}}],"collection":[{"href":"https:\/\/quicosenza.it\/news\/wp-json\/wp\/v2\/posts"}],"about":[{"href":"https:\/\/quicosenza.it\/news\/wp-json\/wp\/v2\/types\/post"}],"author":[{"embeddable":true,"href":"https:\/\/quicosenza.it\/news\/wp-json\/wp\/v2\/users\/58"}],"replies":[{"embeddable":true,"href":"https:\/\/quicosenza.it\/news\/wp-json\/wp\/v2\/comments?post=207073"}],"version-history":[{"count":0,"href":"https:\/\/quicosenza.it\/news\/wp-json\/wp\/v2\/posts\/207073\/revisions"}],"wp:featuredmedia":[{"embeddable":true,"href":"https:\/\/quicosenza.it\/news\/wp-json\/wp\/v2\/media\/207074"}],"wp:attachment":[{"href":"https:\/\/quicosenza.it\/news\/wp-json\/wp\/v2\/media?parent=207073"}],"wp:term":[{"taxonomy":"category","embeddable":true,"href":"https:\/\/quicosenza.it\/news\/wp-json\/wp\/v2\/categories?post=207073"},{"taxonomy":"post_tag","embeddable":true,"href":"https:\/\/quicosenza.it\/news\/wp-json\/wp\/v2\/tags?post=207073"}],"curies":[{"name":"wp","href":"https:\/\/api.w.org\/{rel}","templated":true}]}}