{"id":207143,"date":"2023-07-20T16:22:51","date_gmt":"2023-07-20T14:22:51","guid":{"rendered":"https:\/\/www.quicosenza.it\/news\/?p=207143"},"modified":"2023-07-20T16:22:51","modified_gmt":"2023-07-20T14:22:51","slug":"sila-continua-lintrattenimento-a-camigliatello-tra-musica-e-concerti-in-ferrovia","status":"publish","type":"post","link":"https:\/\/quicosenza.it\/news\/sila-continua-lintrattenimento-a-camigliatello-tra-musica-e-concerti-in-ferrovia\/","title":{"rendered":"Sila, continua l&#8217;intrattenimento a Camigliatello tra musica e concerti in ferrovia"},"content":{"rendered":"<p>SPEZZANO SILA (CS) &#8211; <strong>Camigliatello Silano, anche per questo weekend \u00e8 pronto ad accogliere i numerosi turisti con un doppio appuntamento<\/strong> all&#8217;insegna della musica e dell&#8217;intrattenimento. Due eventi musicali che si svolgeranno tra sabato e domenica, anche in questo grazie all&#8217;Amministrazione comunale di Spezzano della Sila, guidata dal sindaco Salvatore Monaco.<\/p>\n<p>Si parte, <strong>sabato 22 con i concerti in ferrovia degli americani Galapaghost<\/strong>, alle 15:30 e a seguire con il <strong>pop elettronico di Erio<\/strong> alle 16:30, eventi realizzati, nell&#8217;ambito della \u00a0XIV edizione del Be Alternative Festival, rassegna fortemente evocativa che attraverso un percorso itinerante punta a portare la musica dal vivo in luoghi magici del territorio dall&#8217;Altopiano Silano, costruendo veri e propri itinerari fra arte, natura, scoperta dei luoghi.<\/p>\n<p>Tutti e due i concerti si volgeranno <strong>presso la stazione ferroviaria di San Nicola a Silvana Mansio che<\/strong> sar\u00e0 possibile raggiungerla da Camigliatello Silano, a bordo del Trenino a Vapore, con partenza alle 12:00 con possibilit\u00e0 di pranzo presso il Ristorante &#8220;La Locomotiva&#8221;, sempre presso la Stazione di San Nicola. Il ritorno \u00e8 previsto a Camigliatello Silano alle 19:00.<\/p>\n<p><strong>Domenica pomeriggio<\/strong> invece nella centralissima Piazza Misasi a partire dalle 17:30, si esibir\u00e0 il famoso <strong>duo composto da Mimmo Palermo e Giancarlo Pagan<\/strong>o, capaci di coinvolgere di intrattenere, facendo divertire \u00a0il pubblico presente che anche in questa occasione si prevede numeroso<\/p>\n","protected":false},"excerpt":{"rendered":"<p>SPEZZANO SILA (CS) &#8211; Camigliatello Silano, anche per questo weekend \u00e8 pronto ad accogliere i numerosi turisti con un doppio appuntamento all&#8217;insegna della musica e dell&#8217;intrattenimento. Due eventi musicali che si svolgeranno tra sabato e domenica, anche in questo grazie all&#8217;Amministrazione comunale di Spezzano della Sila, guidata dal sindaco Salvatore Monaco. Si parte, sabato 22 [&hellip;]<\/p>\n","protected":false},"author":58,"featured_media":207146,"comment_status":"closed","ping_status":"closed","sticky":false,"template":"","format":"standard","meta":{"_acf_changed":false,"footnotes":"","jetpack_publicize_message":"","jetpack_publicize_feature_enabled":true,"jetpack_social_post_already_shared":false,"jetpack_social_options":{"image_generator_settings":{"template":"highway","default_image_id":0,"font":"","enabled":false},"version":2}},"categories":[28],"tags":[],"class_list":["post-207143","post","type-post","status-publish","format-standard","has-post-thumbnail","hentry","category-provincia"],"acf":[],"jetpack_publicize_connections":[],"_links":{"self":[{"href":"https:\/\/quicosenza.it\/news\/wp-json\/wp\/v2\/posts\/207143","targetHints":{"allow":["GET"]}}],"collection":[{"href":"https:\/\/quicosenza.it\/news\/wp-json\/wp\/v2\/posts"}],"about":[{"href":"https:\/\/quicosenza.it\/news\/wp-json\/wp\/v2\/types\/post"}],"author":[{"embeddable":true,"href":"https:\/\/quicosenza.it\/news\/wp-json\/wp\/v2\/users\/58"}],"replies":[{"embeddable":true,"href":"https:\/\/quicosenza.it\/news\/wp-json\/wp\/v2\/comments?post=207143"}],"version-history":[{"count":0,"href":"https:\/\/quicosenza.it\/news\/wp-json\/wp\/v2\/posts\/207143\/revisions"}],"wp:featuredmedia":[{"embeddable":true,"href":"https:\/\/quicosenza.it\/news\/wp-json\/wp\/v2\/media\/207146"}],"wp:attachment":[{"href":"https:\/\/quicosenza.it\/news\/wp-json\/wp\/v2\/media?parent=207143"}],"wp:term":[{"taxonomy":"category","embeddable":true,"href":"https:\/\/quicosenza.it\/news\/wp-json\/wp\/v2\/categories?post=207143"},{"taxonomy":"post_tag","embeddable":true,"href":"https:\/\/quicosenza.it\/news\/wp-json\/wp\/v2\/tags?post=207143"}],"curies":[{"name":"wp","href":"https:\/\/api.w.org\/{rel}","templated":true}]}}