{"id":207226,"date":"2023-07-23T13:22:34","date_gmt":"2023-07-23T11:22:34","guid":{"rendered":"https:\/\/www.quicosenza.it\/news\/?p=207226"},"modified":"2023-07-23T13:24:51","modified_gmt":"2023-07-23T11:24:51","slug":"riordino-rete-ospedaliera-bevacqua-e-iacucci-piano-lacunoso-penalizzala-provincia-di-cosenza","status":"publish","type":"post","link":"https:\/\/quicosenza.it\/news\/riordino-rete-ospedaliera-bevacqua-e-iacucci-piano-lacunoso-penalizzala-provincia-di-cosenza\/","title":{"rendered":"Riordino rete ospedaliera, Bevacqua e Iacucci \u00abpiano lacunoso, penalizzala provincia di Cosenza\u00bb"},"content":{"rendered":"<p>COSENZA &#8211; \u00abIl cosiddetto <strong>riordino della rete ospedaliera calabrese<\/strong>, da qualche giorno ufficializzato da parte del commissario Occhiuto, ha <strong>suscitato forti preoccupazioni<\/strong> e decise <strong>prese di posizione<\/strong> da parte delle Comunit\u00e0 interessate, rappresentate dai rispettivi sindaci, oltre che dai movimenti spontanei nati nelle varie realt\u00e0. Nei prossimi giorni &#8211; sottolineano i consiglieri regionali Pd, Mimmo Bevacqua e Franco Iacucci &#8211; saremo a fianco di queste Comunit\u00e0 e dei primi cittadini, cominciando <strong>da Acri e Paola<\/strong>. Un modo concreto per dimostrare sul campo che il Partito democratico calabrese e i suoi consiglieri regionali ci sono e sono pronti a sostenere e supportare iniziative utili a difendere le ragioni e i diritti dei cittadini calabresi\u00bb.<\/p>\n<p>\u00abSono <strong>diverse le criticit\u00e0<\/strong> contenute in questo riordino della rete ospedaliera &#8211; continuano i due consiglieri dem -. Il <strong>piano<\/strong> presentato da Occhiuto \u00e8 <strong>antistorico<\/strong>, gi\u00e0 <strong>visto e lacunoso.<\/strong> Alcuni suoi aspetti sono poi del tutto incomprensibili e privi di razionalit\u00e0. Ad esempio non si trovano motivazioni plausibili per comprendere il motivo per il quale alcune realt\u00e0 della provincia di Cosenza siano state cos\u00ec fortemente penalizzate\u00bb.<\/p>\n<p>\u00abAscolteremo i territori e i loro bisogni \u2013 concludono Bevacqua e Iacucci &#8211; e ci faremo carico di chiedere conto alla struttura commissariale regionale per ogni inadempienza e ogni grave disservizio creato alla collettivit\u00e0 dei quali dovr\u00e0 assumersi la piena responsabilit\u00e0. <strong>Una responsabilit\u00e0 che appare ancora pi\u00f9 grave in quanto il Commissario Occhiuto si \u00e8 sottratto ad ogni forma di confronto con i rappresentanti delle Comunit\u00e0 interessate<\/strong> e con lo stesso Consiglio regionale davanti al quale il governatore non si \u00e8 mai presentato per illustrare il suo piano di riordino, nonostante le reiterate richieste di informativa che abbiamo formulato senza avere nessun riscontro\u00bb.<\/p>\n","protected":false},"excerpt":{"rendered":"<p>COSENZA &#8211; \u00abIl cosiddetto riordino della rete ospedaliera calabrese, da qualche giorno ufficializzato da parte del commissario Occhiuto, ha suscitato forti preoccupazioni e decise prese di posizione da parte delle Comunit\u00e0 interessate, rappresentate dai rispettivi sindaci, oltre che dai movimenti spontanei nati nelle varie realt\u00e0. Nei prossimi giorni &#8211; sottolineano i consiglieri regionali Pd, Mimmo [&hellip;]<\/p>\n","protected":false},"author":42,"featured_media":207227,"comment_status":"closed","ping_status":"closed","sticky":false,"template":"","format":"standard","meta":{"_acf_changed":false,"footnotes":"","jetpack_publicize_message":"","jetpack_publicize_feature_enabled":true,"jetpack_social_post_already_shared":false,"jetpack_social_options":{"image_generator_settings":{"template":"highway","default_image_id":0,"font":"","enabled":false},"version":2}},"categories":[28],"tags":[19],"class_list":["post-207226","post","type-post","status-publish","format-standard","has-post-thumbnail","hentry","category-provincia","tag-copertina"],"acf":[],"jetpack_publicize_connections":[],"_links":{"self":[{"href":"https:\/\/quicosenza.it\/news\/wp-json\/wp\/v2\/posts\/207226","targetHints":{"allow":["GET"]}}],"collection":[{"href":"https:\/\/quicosenza.it\/news\/wp-json\/wp\/v2\/posts"}],"about":[{"href":"https:\/\/quicosenza.it\/news\/wp-json\/wp\/v2\/types\/post"}],"author":[{"embeddable":true,"href":"https:\/\/quicosenza.it\/news\/wp-json\/wp\/v2\/users\/42"}],"replies":[{"embeddable":true,"href":"https:\/\/quicosenza.it\/news\/wp-json\/wp\/v2\/comments?post=207226"}],"version-history":[{"count":0,"href":"https:\/\/quicosenza.it\/news\/wp-json\/wp\/v2\/posts\/207226\/revisions"}],"wp:featuredmedia":[{"embeddable":true,"href":"https:\/\/quicosenza.it\/news\/wp-json\/wp\/v2\/media\/207227"}],"wp:attachment":[{"href":"https:\/\/quicosenza.it\/news\/wp-json\/wp\/v2\/media?parent=207226"}],"wp:term":[{"taxonomy":"category","embeddable":true,"href":"https:\/\/quicosenza.it\/news\/wp-json\/wp\/v2\/categories?post=207226"},{"taxonomy":"post_tag","embeddable":true,"href":"https:\/\/quicosenza.it\/news\/wp-json\/wp\/v2\/tags?post=207226"}],"curies":[{"name":"wp","href":"https:\/\/api.w.org\/{rel}","templated":true}]}}