{"id":207228,"date":"2023-07-21T11:23:37","date_gmt":"2023-07-21T09:23:37","guid":{"rendered":"https:\/\/www.quicosenza.it\/news\/?p=207228"},"modified":"2023-07-21T11:23:37","modified_gmt":"2023-07-21T09:23:37","slug":"il-funerale-degli-alberi-tagliati-a-rende-flash-mob-delle-associazioni","status":"publish","type":"post","link":"https:\/\/quicosenza.it\/news\/il-funerale-degli-alberi-tagliati-a-rende-flash-mob-delle-associazioni\/","title":{"rendered":"Il funerale degli alberi tagliati, a Rende flash mob delle associazioni"},"content":{"rendered":"<p>RENDE (CS) &#8211; E&#8217; stato considerato una sorta di <strong>funerale per la morte degli alberi<\/strong> che costeggiavano <strong>via Leonardo Da Vinci <\/strong>a Rende e che sono stati abbattuti. Alcune associazioni, <strong>I giardini di Eva e MEDiterranea MEDIA, Progetto meridiano, Primavera della Calabria, FIAB Cosenza ciclabile, Associazione Insieme OdV, Ente Sociale Sportiva Europea \u2013 Centro studi e formazione, Forum Terzo Settore Tirreno cosentino<\/strong>, hanno organizzato, quindi, un <strong>flash mob<\/strong> per protestare contro un provvedimento, ritenuto sconsiderato ed illegittimo che ha portato al<strong> taglio di decine di pini<\/strong> che avevano pi\u00f9 di mezzo secolo di vita. Un vero e proprio polmone verde all&#8217;interno della citt\u00e0.<\/p>\n<p>&#8220;Siamo qui a fare il funerale ad alberi che addolcivano il paesaggio fatto di cemento e asfalto &#8211; ha detto la Presidente dell&#8217;associazione &#8220;I Giardini di Eva&#8221;, <strong>Nadia Gambilongo<\/strong> &#8211; e che creano una situazione di ombra. Hanno deciso di tagliarli per fare spazio a giovani lecci che non sappiano se attecchiranno poich\u00e8 le radici dei pini difficilmente saranno sradicate&#8221;.<\/p>\n<p>A sorprendere anche l&#8217;immediatezza. In poche ore, infatti, i lavori sono stati eseguiti, ovvero nelle giornate di domenica e luned\u00ec scorso <strong>senza un confronto con le associazioni ed i cittadini<\/strong>.<\/p>\n<p>Il tutto \u00e8 frutto di un progetto di rigenerazione urbana, finanziato nell&#8217;ambito del Pnrr. I manifestanti, intanto, <strong>in assenza di un&#8217;amministrazione a Rende<\/strong>, si rivolgono al commissario prefettizio: &#8220;Bisogna valutare l&#8217;opportunit\u00e0 &#8211; ha detto Sandro Scalercio, presidente di &#8220;Primavera della Calabria&#8221; &#8211; perch\u00e8 restiamo per molto tempo senza verde in citt\u00e0&#8221;.<\/p>\n<p>&nbsp;<\/p>\n","protected":false},"excerpt":{"rendered":"<p>RENDE (CS) &#8211; E&#8217; stato considerato una sorta di funerale per la morte degli alberi che costeggiavano via Leonardo Da Vinci a Rende e che sono stati abbattuti. Alcune associazioni, I giardini di Eva e MEDiterranea MEDIA, Progetto meridiano, Primavera della Calabria, FIAB Cosenza ciclabile, Associazione Insieme OdV, Ente Sociale Sportiva Europea \u2013 Centro studi [&hellip;]<\/p>\n","protected":false},"author":65,"featured_media":207231,"comment_status":"closed","ping_status":"closed","sticky":false,"template":"","format":"video","meta":{"_acf_changed":false,"footnotes":"","jetpack_publicize_message":"","jetpack_publicize_feature_enabled":true,"jetpack_social_post_already_shared":false,"jetpack_social_options":{"image_generator_settings":{"template":"highway","default_image_id":0,"font":"","enabled":false},"version":2}},"categories":[563,44],"tags":[19,135],"class_list":["post-207228","post","type-post","status-publish","format-video","has-post-thumbnail","hentry","category-area-urbana","category-rende","tag-copertina","tag-video","post_format-post-format-video"],"acf":[],"jetpack_publicize_connections":[],"_links":{"self":[{"href":"https:\/\/quicosenza.it\/news\/wp-json\/wp\/v2\/posts\/207228","targetHints":{"allow":["GET"]}}],"collection":[{"href":"https:\/\/quicosenza.it\/news\/wp-json\/wp\/v2\/posts"}],"about":[{"href":"https:\/\/quicosenza.it\/news\/wp-json\/wp\/v2\/types\/post"}],"author":[{"embeddable":true,"href":"https:\/\/quicosenza.it\/news\/wp-json\/wp\/v2\/users\/65"}],"replies":[{"embeddable":true,"href":"https:\/\/quicosenza.it\/news\/wp-json\/wp\/v2\/comments?post=207228"}],"version-history":[{"count":0,"href":"https:\/\/quicosenza.it\/news\/wp-json\/wp\/v2\/posts\/207228\/revisions"}],"wp:featuredmedia":[{"embeddable":true,"href":"https:\/\/quicosenza.it\/news\/wp-json\/wp\/v2\/media\/207231"}],"wp:attachment":[{"href":"https:\/\/quicosenza.it\/news\/wp-json\/wp\/v2\/media?parent=207228"}],"wp:term":[{"taxonomy":"category","embeddable":true,"href":"https:\/\/quicosenza.it\/news\/wp-json\/wp\/v2\/categories?post=207228"},{"taxonomy":"post_tag","embeddable":true,"href":"https:\/\/quicosenza.it\/news\/wp-json\/wp\/v2\/tags?post=207228"}],"curies":[{"name":"wp","href":"https:\/\/api.w.org\/{rel}","templated":true}]}}