{"id":207293,"date":"2023-07-22T09:49:44","date_gmt":"2023-07-22T07:49:44","guid":{"rendered":"https:\/\/www.quicosenza.it\/news\/?p=207293"},"modified":"2023-07-22T10:30:09","modified_gmt":"2023-07-22T08:30:09","slug":"fondazione-betania-in-dissesto-lo-spettro-della-crisi-su-rsa-e-strutture-socio-assistenziali","status":"publish","type":"post","link":"https:\/\/quicosenza.it\/news\/fondazione-betania-in-dissesto-lo-spettro-della-crisi-su-rsa-e-strutture-socio-assistenziali\/","title":{"rendered":"Fondazione Betania in dissesto, lo spettro della crisi su RSA e strutture socio assistenziali"},"content":{"rendered":"<p>CATANZARO &#8211; &#8220;Ho atteso qualche giorno dalla spiacevole vicenda che ha coinvolto la <strong>Fondazione Betania<\/strong>, mi riferisco al dichiarato dissesto della stessa, per ascoltare le voci di indignazione,preoccupazione e di solidariet\u00e0 che si sono levate dai vari amministratori degli Enti Locali nonch\u00e9 dall&#8217;Assessorato alle Politiche Sociali della Regione Calabria&#8221;. Lo scrive in una nota Anna Maria De Rose Responsabile Nazionale CICAS Terzo Settore e Finanza Agevolata.<\/p>\n<p>&#8220;In tempi non sospetti e precisamente nel maggio 2022 gi\u00e0 avevo scritto sulle <strong>criticit\u00e0 e sulle problematiche relative a quanti operano nel settore<\/strong>, evidenziando come <strong>il caro energia e l&#8217;aggravante dei ritardati pagamenti<\/strong> da parte delle pubbliche amministrazioni delle spettanze di quanto dovuto, avrebbero messo in ginocchio le strutture nonch\u00e9 della ripercussione sui<strong> lavoratori che attendevano stipendi da pi\u00f9 mesi.<\/strong> Avevo evidenziato inoltre come da parte di alcuni Comuni Capo Ambito, si erano registrati ritardi nei pagamenti che andavano dagli 8 ai 12 mesi e che mettevano a dura prova le finanze degli operatori di settore, tra cui imprese e cooperative sociali, che ricordo creano occupazione e danno lavoro in Italia (dati 2019) a 861.919 addetti regolarmente assunti e solo<strong> in Calabria a circa 11.000.<\/strong><\/p>\n<p>Il dissesto della Fondazione Betania &#8211; prosegue De Rose &#8211; ci induce ad importanti riflessioni e penso che sia giunto il <strong>momento di prevenir<\/strong>e in maniera concreta l&#8217;insorgenza delle crisi ed i dissesti e lo si pu\u00f2 fare esclusivamente attraverso un monitoraggio costante delle situazioni, da parte delle pi\u00f9 alte Istituzioni.<\/p>\n<p>Facendo quindi seguito alla vicenda &#8220;Betania&#8221; nella mia qualit\u00e0 di Responsabile Nazionale CICAS per il Terzo Settore e la Finanza Agevolata <strong>chiedo al Presidente Occhiuto<\/strong> sempre attento alle problematiche del settore <strong>di voler istituire una Conferenza Regionale Permanente in ambito socio sanitario e socio assistenziale<\/strong> <strong>per il monitoraggio, la programmazione e lo sviluppo dei servizi socio sanitari e socio assistenziali<\/strong> che insistono sul territorio regionale, chiamando a partecipare anche i pi\u00f9 alti vertici delle Istituzioni quali i Prefetti (perch\u00e9 i dissesti creano anche tensioni sociali) i vertici delle conferenze dei Sindaci dei vari ambiti territoriali inserendo anche a livello consultivo i sindacati datoriali e dei lavoratori che partendo dal basso conoscono e vivono le realt\u00e0 territoriali. Dovr\u00e0 essere una cabina di regia operativa.<\/p>\n<p>La mia proposta al Presidente Occhiuto nasce dal fatto che tutta la Pubblica Amministrazione (Assessorato di riferimento, Comune capo ambito ecc) sollecitati dalla vicenda &#8220;Betania&#8221; si sono affrettati a rilasciare dichiarazioni sulla<strong> regolarit\u00e0 dei trasferimenti<\/strong> alle strutture socio sanitarie e socio assistenziali ed a gli Enti Locali dichiarando che questi ultimi sono avvenuti ed avvengono con &#8220;regolarit\u00e0&#8221; e nei &#8221; giusti tempi&#8221; <strong>concetto piuttosto soggettivo<\/strong> che mi fa porre una domanda: quali sono per essi i &#8220;giusti tempi&#8221; e la &#8220;regolarit\u00e0&#8221;? Una settimana dall&#8217;emissioni delle fatture delle strutture (che peraltro sono elettroniche e giungono con tempestivit\u00e0), quindici giorni, un mese, due mesi, tre mesi? Sono risposte che dovrebbero essere date ai cittadini che affidano i loro cari a queste strutture le quali nonostante tutto trattano con dignit\u00e0 gli ospiti che non si accorgono affatto dei problemi di gestione che li circondano.<\/p>\n<p>Solo cos\u00ec, <strong>monitorando &#8211; spiega De Rose &#8211; e prevenendo le situazioni di crisi<\/strong> capiremo come funziona il sistema e cosa c&#8217;\u00e8 che non va e se il problema al contrario \u00e8 invece riconducibile alla &#8220;Cattiva Gestione&#8221; di queste strutture che dovrebbe comunque essere di tipo manageriale vista l&#8217;importanza sociale che rivestono e portata avanti con le giuste competenze.<\/p>\n<p>Altro problema da affrontare sono i comuni capo ambito in dissesto e\/o temporaneo disequilibrio finanziario, ricordo che i dati del 2021 hanno confermato il triste primato della <strong>Calabria<\/strong> che gi\u00e0 l&#8217;anno precedente aveva <strong>ben 7 Comuni su 10 in default<\/strong> o in riequilibrio (Fonte Ca&#8217; Foscari). I comuni capo ambito in disequilibrio finanziario non possono essere confermati tali, in quanto, non avendo capacit\u00e0 di spesa ed imbrigliati nel risanamento, non potendo potenziare il personale non possono far fronte ai servizi da erogare in quanto capo ambito.<\/p>\n<p>Bisognerebbe pensare ad un a L.R. non in contrasto con le leggi nazionali che sostituisca temporaneamente il comune capo ambito con il comune pi\u00f9 virtuoso dell&#8217;ambito per ottenere l&#8217;eccellenza nei servizi e nelle procedure.<\/p>\n<p>Concludo nell&#8217;affermare che <strong>il sistema a distanza di un anno sta implodendo<\/strong> perch\u00e9 la Fondazione Betania \u00e8 solo la punta dell&#8217;iceberg, in quanto tra i ritardi nei pagamenti, uffici di piano che non funzionano, cartelle esattoriali, Durc irregolari (che non consentono di incassare dalla pubblica amministrazione) e mancato accesso alle fonti alternative di finanziamento per mancanza di sufficienti bandi a cui partecipare ed attingere risorse, si innescher\u00e0 una reazione a catena&#8221;.<\/p>\n<h3>Alecci: &#8220;caso Fondazione Betania, segnale molto pericoloso&#8221;<\/h3>\n<p>&#8220;Il delicato caso di Fondazione Betania \u00e8 un segnale molto pericoloso riguardo quello che pu\u00f2 accadere all\u2019intero comparto delle Politiche Sociali in Calabria. In un momento cos\u00ec complicato, in cui tante famiglie vivono quotidianamente situazioni sempre pi\u00f9 difficili non credo si possa rimanere inerti&#8221;. Lo chiara il <strong>consigliere regionale Ernesto Alecci<\/strong> sulla difficile situazione della Fondazione Betania.<\/p>\n<p>&#8220;Credo che oggi, pi\u00f9 che mai, la politica debba caricarsi sulle spalle tutte le responsabilit\u00e0 e stare vicino a questa istituzione del catanzarese, per tanti anni modello di accoglienza per sofferenti e deboli, cos\u00ec come a tutte quelle strutture e associazioni del Terzo Settore che operano bene e con sacrificio nei nostri territori. <strong>Occorrono soluzioni immediate, maggiori investimenti e risorse adeguate<\/strong> ai nuovi costi delle strutture, una maggiore sensibilit\u00e0 e una maggiore celerit\u00e0 da parte dei dipartimenti per velocizzare tutti i processi, attraverso una pianificazione puntuale dei fabbisogni, per scongiurare a priori nuovi casi simili a questo.<\/p>\n<p>Ho pi\u00f9 volte espresso tutta la mia preoccupazione riguardo la gestione e il futuro delle politiche sociali all\u2019interno della nostra regione. Non discuto certamente la centralit\u00e0 di argomenti quali ad esempio la Sanit\u00e0, la depurazione, le infrastrutture, ma reputo altres\u00ec fondamentale per i nostri territori un utilizzo virtuoso e lungimirante delle politiche sociali. E, invece, in questi mesi ho potuto constatare un allarmante immobilismo. La Calabria, storicamente, \u00e8 una delle regioni pi\u00f9 fragili da questo punto di vista, e il <strong>grandissimo lavoro svolto dagli Ambiti Sociali e dalle associazioni del Terzo Settore<\/strong> risulta determinante per la sopravvivenza di tante famiglie. La politica regionale deve essere in grado di fornire loro tutti gli strumenti e le risorse per rispondere in maniera puntuale alle esigenze dei cittadini, soprattutto a quelli che vivono in condizione di fragilit\u00e0. Spesso l\u2019aiuto e il sostegno fornito dagli Ambiti riesce a garantire condizioni di vita almeno accettabili. Sono a disposizione, come tutti i rappresentanti del mio gruppo consiliare, per dare tutto il contributo necessario per capire come migliorare i servizi degli Ambiti e per migliorare le condizioni di vita di queste famiglie&#8221;.<\/p>\n<p>&nbsp;<\/p>\n<p>&nbsp;<\/p>\n","protected":false},"excerpt":{"rendered":"<p>CATANZARO &#8211; &#8220;Ho atteso qualche giorno dalla spiacevole vicenda che ha coinvolto la Fondazione Betania, mi riferisco al dichiarato dissesto della stessa, per ascoltare le voci di indignazione,preoccupazione e di solidariet\u00e0 che si sono levate dai vari amministratori degli Enti Locali nonch\u00e9 dall&#8217;Assessorato alle Politiche Sociali della Regione Calabria&#8221;. Lo scrive in una nota Anna [&hellip;]<\/p>\n","protected":false},"author":58,"featured_media":160837,"comment_status":"closed","ping_status":"closed","sticky":false,"template":"","format":"standard","meta":{"_acf_changed":false,"footnotes":"","jetpack_publicize_message":"","jetpack_publicize_feature_enabled":true,"jetpack_social_post_already_shared":false,"jetpack_social_options":{"image_generator_settings":{"template":"highway","default_image_id":0,"font":"","enabled":false},"version":2}},"categories":[17],"tags":[19],"class_list":["post-207293","post","type-post","status-publish","format-standard","has-post-thumbnail","hentry","category-calabria","tag-copertina"],"acf":[],"jetpack_publicize_connections":[],"_links":{"self":[{"href":"https:\/\/quicosenza.it\/news\/wp-json\/wp\/v2\/posts\/207293","targetHints":{"allow":["GET"]}}],"collection":[{"href":"https:\/\/quicosenza.it\/news\/wp-json\/wp\/v2\/posts"}],"about":[{"href":"https:\/\/quicosenza.it\/news\/wp-json\/wp\/v2\/types\/post"}],"author":[{"embeddable":true,"href":"https:\/\/quicosenza.it\/news\/wp-json\/wp\/v2\/users\/58"}],"replies":[{"embeddable":true,"href":"https:\/\/quicosenza.it\/news\/wp-json\/wp\/v2\/comments?post=207293"}],"version-history":[{"count":0,"href":"https:\/\/quicosenza.it\/news\/wp-json\/wp\/v2\/posts\/207293\/revisions"}],"wp:featuredmedia":[{"embeddable":true,"href":"https:\/\/quicosenza.it\/news\/wp-json\/wp\/v2\/media\/160837"}],"wp:attachment":[{"href":"https:\/\/quicosenza.it\/news\/wp-json\/wp\/v2\/media?parent=207293"}],"wp:term":[{"taxonomy":"category","embeddable":true,"href":"https:\/\/quicosenza.it\/news\/wp-json\/wp\/v2\/categories?post=207293"},{"taxonomy":"post_tag","embeddable":true,"href":"https:\/\/quicosenza.it\/news\/wp-json\/wp\/v2\/tags?post=207293"}],"curies":[{"name":"wp","href":"https:\/\/api.w.org\/{rel}","templated":true}]}}