{"id":207294,"date":"2023-07-22T10:16:02","date_gmt":"2023-07-22T08:16:02","guid":{"rendered":"https:\/\/www.quicosenza.it\/news\/?p=207294"},"modified":"2023-07-22T10:16:02","modified_gmt":"2023-07-22T08:16:02","slug":"da-cirilli-a-dolcenera-belli-e-berte-ecco-i-grandi-nomi-dellestate-di-mormanno","status":"publish","type":"post","link":"https:\/\/quicosenza.it\/news\/da-cirilli-a-dolcenera-belli-e-berte-ecco-i-grandi-nomi-dellestate-di-mormanno\/","title":{"rendered":"Da Cirilli a Dolcenera, Belli e Bert\u00e8: ecco i grandi nomi dell&#8217;estate di Mormanno"},"content":{"rendered":"<p class=\"v1corpoa\">MORMANNO (CS) &#8211; Mormanno si prepara ad una nuova estate dei record. \u00c8 pronto il <strong>calendario degli appuntamenti agostani<\/strong> che arricchiranno l&#8217;offerta turistica del borgo immerso nella natura del Pollino, dove ormai la musica e lo spettacolo con i grandi nomi della scena italiana, sono di casa per regalare eventi di altro profilo attrattivo.<\/p>\n<p class=\"v1corpoa\">Da <strong>Fabrizio Bosso<\/strong>, ospite del Peperoncino Jazz Festival, al comico talentuoso Gabriele Cirilli, alla voce inconfondibile di <strong>Dolcenera, e poi Ren\u00e8e la Bulgara<\/strong>, l&#8217;estro e l&#8217;adrenalina <strong>di Loredana Bert\u00e8<\/strong> per finire con la carica coinvolgente di<strong> Paolo Belli.<\/strong><\/p>\n<p class=\"v1corpoa\">Il cartellone dell&#8217;Agosto Mormannese 2023 \u00e8 stato presentato nel corso di una conferenza stampa, moderata dalla giornalista Annarita Cardamone, nella Galleria D&#8217;Alessandro, alla presenza del Sindaco Paolo Pappaterra, dell&#8217;assessore alla cultura, Maria Olga Fortunato, del Consigliere con delega allo spettacolo, Flavio De Barti, e del consigliere con delega ai rapporti con l&#8217;associazionismo, Gianluca Fortunato.<\/p>\n<p class=\"v1corpoa\">\u00abAncora una volta &#8211; ha dichiarato il primo cittadino &#8211;<strong> faremo di Mormanno un polo attrattivo per la musica e lo spettacolo di grande profilo<\/strong> con i nomi pi\u00f9 importanti del panorama italiano. La nostra volont\u00e0 \u00e8 quella di consolidare sempre pi\u00f9 e meglio il nostro brand culturale &#8211; attrattivo per i turisti e tutti coloro che vogliono scegliere la nostra cittadina per trascorrere giornata di spensieratezza e allegria, buona musica e spettacolo, godendo delle nostre risorse naturali ed enogastronomiche che irrobustiscono l&#8217;offerta dell&#8217;ospitalit\u00e0 che mettiamo a disposizione di tutto il sud\u00bb.<\/p>\n<p class=\"v1corpoa\">Il calendario degli eventi inizier\u00e0 <strong>il 6 Agosto con la quarta edizione di Camminiamo Mormanno<\/strong>, per poi immergersi gi\u00e0 negli eventi culturali di alto profilo con la tappa del Peperoncino Jazz il 7 Agosto alle ore 22:00 dove al Faro Votivo si esibir\u00e0 Fabrizio Bosso insieme ad Elio Coppola Trio.<\/p>\n<p class=\"v1corpoa\">Poi la <strong>notte di San Lorenzo, il 10 agosto,<\/strong> lo spettacolo di cabaret del grande Gabriele Cirilli con ingresso a pagamento (10\u20ac fino ad esaurimento posti, con prenotazione obbligatoria). Poi tre giorni di Technotropia Festival dall&#8217;11 a 13 Agosto nel centro storico dal pomeriggio alla sera, prima della inaugurazione di MormArt il 12 Agosto presso il museo del tempo. La vigilia di Ferragosto, invece, la voce suadente di Dolcenera sar\u00e0 protagonista dello spettacolo musicale in programma nell&#8217;area eventi del seminario vescovile.<\/p>\n<p class=\"v1corpoa\">Il <strong>15 Agosto il tradizionale appuntamento<\/strong> con la Madonna dell&#8217;Assunta, patrona di Mormanno, prima della Notte Bianca in programma il 17 Agosto, con la partecipazione straordinaria di &#8220;Quelli che non hanno et\u00e0&#8221; e la Dj Rene\u00e8 La Bulgara e Lady Jenny Voice.<\/p>\n<p class=\"v1corpoa\">\u00abAnche quest&#8217;anno &#8211; ha aggiunto il Consigliere con Delega allo spettacolo, Flavio De Barti &#8211; abbiamo lavorato a pieno ritmo per costruire una proposta turistica e di spettacolo che potesse accontentare tutte le fasce di et\u00e0, privilegiando qualit\u00e0 degli artisti e diversit\u00e0 di proposte, nel segno della nostra tradizione che ormai fa di Mormanno un riferimento sul territorio e non solo per gli spettacoli estivi\u00bb.<\/p>\n<p class=\"v1corpoa\">Bellezza e fascino saranno protagonisti della serata dedicata a Miss Italia, con la <strong>elezione anche di Miss Citt\u00e0 di Mormanno<\/strong> il 18 Agosto alle ore 22:00 presso la Villa San Rocco. Poi la chicca dell&#8217;estate mormannese: la regina della musica italiana Loredana Bert\u00e8 con il concerto live della voce pi\u00f9 graffiante del panorama contemporaneo il 20 agosto (evento a pagamento 25\u20ac su prenotazione) prima del gran finale, sempre in musica, con l&#8217;energia di Paolo Belli e la sua band il 27 Agosto, ultimo appuntamento di una estate tutta da vivere.<\/p>\n<p class=\"v1corpoa\">\u00abInvestire sulle nuove generazioni \u00e8 uno dei compiti che ci siamo dati fin dall&#8217;inizio della consiliatura \u2013 ha ricordato l&#8217;assessore alla cultura, Maria Olga Fortunato &#8211; E&#8217; a loro che ci rivolgiamo in particolar modo con gli appuntamenti del book festival e delle iniziative culturali messe in programma nel quadro degli eventi estivi, senza dimenticare che la cultura appartiene a tutti e tutti devono sentirsi coinvolti e partecipi di un progetto di rilancio delle aree interne, dei piccoli borghi, mantenendo viva arte, storia e memoria che sono il nostro bagaglio essenziale per guardare al futuro che ci attende\u00bb.<\/p>\n<p class=\"v1corpoa\">\u00abIn questo anno &#8211; ha dichiarato il consigliere Gianluca Fortunato &#8211; sempre pi\u00f9 essenziale, per la programmazione estiva, \u00e8 stato <strong>il rapporto con le associazioni del territorio che consolida una sinergia con la nostra amministrazione<\/strong> comunale riuscendo a costruire eventi ed appuntamenti che valorizzano le intelligenze territoriali e offrono momenti aggregativi per tutte le et\u00e0\u00bb<\/p>\n","protected":false},"excerpt":{"rendered":"<p>MORMANNO (CS) &#8211; Mormanno si prepara ad una nuova estate dei record. \u00c8 pronto il calendario degli appuntamenti agostani che arricchiranno l&#8217;offerta turistica del borgo immerso nella natura del Pollino, dove ormai la musica e lo spettacolo con i grandi nomi della scena italiana, sono di casa per regalare eventi di altro profilo attrattivo. Da [&hellip;]<\/p>\n","protected":false},"author":58,"featured_media":207295,"comment_status":"closed","ping_status":"closed","sticky":false,"template":"","format":"standard","meta":{"_acf_changed":false,"footnotes":"","jetpack_publicize_message":"","jetpack_publicize_feature_enabled":true,"jetpack_social_post_already_shared":false,"jetpack_social_options":{"image_generator_settings":{"template":"highway","default_image_id":0,"font":"","enabled":false},"version":2}},"categories":[28],"tags":[],"class_list":["post-207294","post","type-post","status-publish","format-standard","has-post-thumbnail","hentry","category-provincia"],"acf":[],"jetpack_publicize_connections":[],"_links":{"self":[{"href":"https:\/\/quicosenza.it\/news\/wp-json\/wp\/v2\/posts\/207294","targetHints":{"allow":["GET"]}}],"collection":[{"href":"https:\/\/quicosenza.it\/news\/wp-json\/wp\/v2\/posts"}],"about":[{"href":"https:\/\/quicosenza.it\/news\/wp-json\/wp\/v2\/types\/post"}],"author":[{"embeddable":true,"href":"https:\/\/quicosenza.it\/news\/wp-json\/wp\/v2\/users\/58"}],"replies":[{"embeddable":true,"href":"https:\/\/quicosenza.it\/news\/wp-json\/wp\/v2\/comments?post=207294"}],"version-history":[{"count":0,"href":"https:\/\/quicosenza.it\/news\/wp-json\/wp\/v2\/posts\/207294\/revisions"}],"wp:featuredmedia":[{"embeddable":true,"href":"https:\/\/quicosenza.it\/news\/wp-json\/wp\/v2\/media\/207295"}],"wp:attachment":[{"href":"https:\/\/quicosenza.it\/news\/wp-json\/wp\/v2\/media?parent=207294"}],"wp:term":[{"taxonomy":"category","embeddable":true,"href":"https:\/\/quicosenza.it\/news\/wp-json\/wp\/v2\/categories?post=207294"},{"taxonomy":"post_tag","embeddable":true,"href":"https:\/\/quicosenza.it\/news\/wp-json\/wp\/v2\/tags?post=207294"}],"curies":[{"name":"wp","href":"https:\/\/api.w.org\/{rel}","templated":true}]}}