{"id":207433,"date":"2023-07-24T16:44:31","date_gmt":"2023-07-24T14:44:31","guid":{"rendered":"https:\/\/www.quicosenza.it\/news\/?p=207433"},"modified":"2023-07-24T16:44:31","modified_gmt":"2023-07-24T14:44:31","slug":"pd-contro-occhiuto-estate-da-incubo-in-calabria-tra-roghi-e-mare-sporco","status":"publish","type":"post","link":"https:\/\/quicosenza.it\/news\/pd-contro-occhiuto-estate-da-incubo-in-calabria-tra-roghi-e-mare-sporco\/","title":{"rendered":"Pd contro Occhiuto: \u00abestate da incubo in Calabria tra roghi e mare sporco\u00bb"},"content":{"rendered":"<p>CATANZARO &#8211; \u00ab<strong>La Calabria continua a bruciare<\/strong> in questi giorni torrido insieme agli slogan\u00a0 \u00a0del governatore Occhiuto che appena un anno fa aveva annunciato la soluzione del problema attraverso il &#8220;monitoraggio tecnologico&#8221;\u00bb. Ad affermarlo \u00e8 il <strong>gruppo del Pd in Consiglio regionale<\/strong> che cos\u00ec prosegue: \u00abLa drammatica situazione che vive il nostro territorio, privo di ogni forma di cura e manutenzione, non pu\u00f2 essere risolta con <strong>annunci trionfalistici<\/strong> e con decisioni calate dall\u2019alto senza nessun tipo di confronto.<\/p>\n<p>I risultati sono sotto gli occhi di tutti: la Calabria continua a vedere distrutta la sua vegetazione e le sue eccellenze e sta vivendo un\u2019altra estate da incubo tra roghi e mare inquinato. E\u2019 inutile \u2013 afferma ancora il gruppo dem \u2013 continuare con la politica dell\u2019uomo solo al comando e dello scarica barile delle responsabilit\u00e0, cos\u00ec come avvenuto per la questione relativa alla <strong>depurazione<\/strong>, con il governatore che ha scaricato tutte <strong><a href=\"https:\/\/quicosenza.it\/news\/calabria\/mare-sporco-alecci-contro-occhiuto-impietoso-scaricabarile-sui-comuni\" target=\"_blank\" rel=\"noopener\">le colpe ai sindaci<\/a><\/strong>. Serve, invece, la presa di coscienza della gravit\u00e0 della situazione e l\u2019umilt\u00e0 di coinvolgere tutti i soggetti interessati e il Consiglio regionale per trovare soluzioni concrete.<\/p>\n<p>Non va certo in questa direzione &#8211; proseguono &#8211; l\u2019avvio delle procedure per la trasformazione dell\u2019azienda<strong> Calabria Verde<\/strong> <strong>da Ente pubblico non economico<\/strong> a<strong><a href=\"https:\/\/quicosenza.it\/news\/calabria\/calabria-verde-si-avvia-fuori-dalla-pubblica-amministrazione-forestali-preoccupati\" target=\"_blank\" rel=\"noopener\">d Ente pubblico economico<\/a><\/strong>. Una scelta in controtendenza rispetto a quanto gi\u00e0 stabilito in Consiglio e che ha provocato l\u2019immediata levata di scudi da parte dei sindacati, preoccupati dalla possibile diminuzione delle tutele per i lavoratori. Ma questa trasformazione, avviata sempre senza nessun tipo di confronto, rischia anche di svilire il ruolo di Calabria Verde e di rendere l\u2019Ente sempre meno in grado di svolgere il suo delicato ruolo a presidio e cura del territorio.<\/p>\n<p>Proprio nel momento in cui i continui roghi dimostrano come siano <strong>necessari interventi di segno totalmente opposto<\/strong>. Condividiamo dunque l\u2019appello rivolto\u00a0 al governatore Occhiuto di soprassedere e sospendere le procedure avviate per Calabria Verde.\u00a0 Chiediamo, inoltre, che venga aperto, invece,<strong> un confronto ampio per mettere in campo politiche concrete di manutenzione e cura del territorio<\/strong> per prevenire i fenomeni estremi estivi e i prevedibili eventi di dissesto idrogeologico che potrebbero mettere ancora pi\u00f9 in crisi una Regione fragile ed esposta pi\u00f9 delle altre in una fase in cui i cambiamenti climatici stanno mettendo in difficolt\u00e0 l\u2019intero pianeta\u00bb.<\/p>\n<p>&nbsp;<\/p>\n<p>&nbsp;<\/p>\n<p>&nbsp;<\/p>\n<p><strong>\u00a0<\/strong><\/p>\n<p><strong>\u00a0<\/strong><\/p>\n<p><strong>\u00a0<\/strong><\/p>\n<p><strong>\u00a0<\/strong><\/p>\n<p>&nbsp;<\/p>\n<p>&nbsp;<\/p>\n","protected":false},"excerpt":{"rendered":"<p>CATANZARO &#8211; \u00abLa Calabria continua a bruciare in questi giorni torrido insieme agli slogan\u00a0 \u00a0del governatore Occhiuto che appena un anno fa aveva annunciato la soluzione del problema attraverso il &#8220;monitoraggio tecnologico&#8221;\u00bb. Ad affermarlo \u00e8 il gruppo del Pd in Consiglio regionale che cos\u00ec prosegue: \u00abLa drammatica situazione che vive il nostro territorio, privo di [&hellip;]<\/p>\n","protected":false},"author":58,"featured_media":207434,"comment_status":"closed","ping_status":"closed","sticky":false,"template":"","format":"standard","meta":{"_acf_changed":false,"footnotes":"","jetpack_publicize_message":"","jetpack_publicize_feature_enabled":true,"jetpack_social_post_already_shared":false,"jetpack_social_options":{"image_generator_settings":{"template":"highway","default_image_id":0,"font":"","enabled":false},"version":2}},"categories":[17],"tags":[19],"class_list":["post-207433","post","type-post","status-publish","format-standard","has-post-thumbnail","hentry","category-calabria","tag-copertina"],"acf":[],"jetpack_publicize_connections":[],"_links":{"self":[{"href":"https:\/\/quicosenza.it\/news\/wp-json\/wp\/v2\/posts\/207433","targetHints":{"allow":["GET"]}}],"collection":[{"href":"https:\/\/quicosenza.it\/news\/wp-json\/wp\/v2\/posts"}],"about":[{"href":"https:\/\/quicosenza.it\/news\/wp-json\/wp\/v2\/types\/post"}],"author":[{"embeddable":true,"href":"https:\/\/quicosenza.it\/news\/wp-json\/wp\/v2\/users\/58"}],"replies":[{"embeddable":true,"href":"https:\/\/quicosenza.it\/news\/wp-json\/wp\/v2\/comments?post=207433"}],"version-history":[{"count":0,"href":"https:\/\/quicosenza.it\/news\/wp-json\/wp\/v2\/posts\/207433\/revisions"}],"wp:featuredmedia":[{"embeddable":true,"href":"https:\/\/quicosenza.it\/news\/wp-json\/wp\/v2\/media\/207434"}],"wp:attachment":[{"href":"https:\/\/quicosenza.it\/news\/wp-json\/wp\/v2\/media?parent=207433"}],"wp:term":[{"taxonomy":"category","embeddable":true,"href":"https:\/\/quicosenza.it\/news\/wp-json\/wp\/v2\/categories?post=207433"},{"taxonomy":"post_tag","embeddable":true,"href":"https:\/\/quicosenza.it\/news\/wp-json\/wp\/v2\/tags?post=207433"}],"curies":[{"name":"wp","href":"https:\/\/api.w.org\/{rel}","templated":true}]}}