{"id":207521,"date":"2023-07-25T15:55:57","date_gmt":"2023-07-25T13:55:57","guid":{"rendered":"https:\/\/www.quicosenza.it\/news\/?p=207521"},"modified":"2023-07-25T15:55:57","modified_gmt":"2023-07-25T13:55:57","slug":"migranti-soccorsi-al-largo-della-calabria-sbarcati-77-migranti-tra-loro-anche-7-bambini","status":"publish","type":"post","link":"https:\/\/quicosenza.it\/news\/migranti-soccorsi-al-largo-della-calabria-sbarcati-77-migranti-tra-loro-anche-7-bambini\/","title":{"rendered":"Migranti soccorsi al largo della Calabria, sbarcati 77 migranti tra loro anche 7 bambini"},"content":{"rendered":"<p>ROCCELLA IONICA &#8211; Settantasette migranti<strong> di varie nazionalit\u00e0 sono sbarcati stamani nel porto di Roccella Ionica<\/strong>. <strong>Si tratta di profughi di nazionalit\u00e0 afghana, irachena, siriana, pakistana e iraniana. Tra loro anche sette bambini<\/strong> con un&#8217;et\u00e0 inferiore a sei anni e diversi nuclei familiari al completo.<\/p>\n<p>I migranti erano a bordo di una piccola barca a vela localizzata a circa 40 miglia di distanza dalla costa ionica della Calabria che \u00e8 stata intercettata dalla Guardia costiera e le persone trasbordate su una motovedetta. <strong>Il natante secondo quanto emerso dalle prime indagini effettuate dalle forze dell&#8217;ordine, sarebbe partito gioved\u00ec scorso dalle coste della Turchia.<\/strong> Con l&#8217;arrivo di oggi \u00e8 salito a dieci (tre da domenica scorsa a oggi) il numero degli sbarchi nel porto di Roccella Ionica solo nelle ultime tre settimane. <strong>Trentadue, invece, sono gli sbarchi verificati dall&#8217;inizio dell&#8217;anno nel solo scalo marittimo reggino per un totale di poco inferiore a quattromila persone<\/strong>.<\/p>\n","protected":false},"excerpt":{"rendered":"<p>ROCCELLA IONICA &#8211; Settantasette migranti di varie nazionalit\u00e0 sono sbarcati stamani nel porto di Roccella Ionica. Si tratta di profughi di nazionalit\u00e0 afghana, irachena, siriana, pakistana e iraniana. Tra loro anche sette bambini con un&#8217;et\u00e0 inferiore a sei anni e diversi nuclei familiari al completo. I migranti erano a bordo di una piccola barca a [&hellip;]<\/p>\n","protected":false},"author":61,"featured_media":174726,"comment_status":"closed","ping_status":"closed","sticky":false,"template":"","format":"standard","meta":{"_acf_changed":false,"footnotes":"","jetpack_publicize_message":"","jetpack_publicize_feature_enabled":true,"jetpack_social_post_already_shared":false,"jetpack_social_options":{"image_generator_settings":{"template":"highway","default_image_id":0,"font":"","enabled":false},"version":2}},"categories":[17],"tags":[19],"class_list":["post-207521","post","type-post","status-publish","format-standard","has-post-thumbnail","hentry","category-calabria","tag-copertina"],"acf":[],"jetpack_publicize_connections":[],"_links":{"self":[{"href":"https:\/\/quicosenza.it\/news\/wp-json\/wp\/v2\/posts\/207521","targetHints":{"allow":["GET"]}}],"collection":[{"href":"https:\/\/quicosenza.it\/news\/wp-json\/wp\/v2\/posts"}],"about":[{"href":"https:\/\/quicosenza.it\/news\/wp-json\/wp\/v2\/types\/post"}],"author":[{"embeddable":true,"href":"https:\/\/quicosenza.it\/news\/wp-json\/wp\/v2\/users\/61"}],"replies":[{"embeddable":true,"href":"https:\/\/quicosenza.it\/news\/wp-json\/wp\/v2\/comments?post=207521"}],"version-history":[{"count":0,"href":"https:\/\/quicosenza.it\/news\/wp-json\/wp\/v2\/posts\/207521\/revisions"}],"wp:featuredmedia":[{"embeddable":true,"href":"https:\/\/quicosenza.it\/news\/wp-json\/wp\/v2\/media\/174726"}],"wp:attachment":[{"href":"https:\/\/quicosenza.it\/news\/wp-json\/wp\/v2\/media?parent=207521"}],"wp:term":[{"taxonomy":"category","embeddable":true,"href":"https:\/\/quicosenza.it\/news\/wp-json\/wp\/v2\/categories?post=207521"},{"taxonomy":"post_tag","embeddable":true,"href":"https:\/\/quicosenza.it\/news\/wp-json\/wp\/v2\/tags?post=207521"}],"curies":[{"name":"wp","href":"https:\/\/api.w.org\/{rel}","templated":true}]}}