{"id":207533,"date":"2023-07-25T18:30:07","date_gmt":"2023-07-25T16:30:07","guid":{"rendered":"https:\/\/www.quicosenza.it\/news\/?p=207533"},"modified":"2023-07-25T18:19:38","modified_gmt":"2023-07-25T16:19:38","slug":"arrivano-sei-battelli-spazzamare-per-la-pulizia-del-litorale-tirrenico-della-calabria","status":"publish","type":"post","link":"https:\/\/quicosenza.it\/news\/arrivano-sei-battelli-spazzamare-per-la-pulizia-del-litorale-tirrenico-della-calabria\/","title":{"rendered":"Arrivano sei battelli &#8216;spazzamare&#8217; per la pulizia del litorale tirrenico della Calabria"},"content":{"rendered":"<p>VIBO VALENTIA &#8211; Domani presso la sala Conferenze della Capitaneria di Porto di Vibo Valentia, <strong>si terr\u00e0 la presentazione del progetto per la pulizia degli specchi acquei del litorale tirrenico della Calabria<\/strong> compreso tra i Comuni di Tortora (provincia di Cosenza) e di Nicotera (provincia di Vibo Valentia).<\/p>\n<p>In particolare,<strong> saranno presentati gli interventi di pulizia costiera da effettuarsi attraverso l\u2019utilizzo di sei battelli \u201cspazzamare\u201d che la Regione Calabria, a seguito di gara, ha aggiudicato alla societ\u00e0 \u201cGarbage Group\u201d di Ancona<\/strong>. All\u2019incontro parteciper\u00e0 il direttore generale del Dipartimento Ambiente della Regione Calabria, Salvatore Siviglia. Saranno presenti anche il Ceo di \u201cGarbage Group\u201d Paolo Baldoni, la societ\u00e0 che gestir\u00e0 il servizio e rappresentanti del Comune di Vibo Valentia e dell\u2019Autorit\u00e0 del Sistema Portuale di Gioia Tauro.<\/p>\n<p>Il tratto di costa tirrenica, oggetto dell\u2019attivit\u00e0 di pulizia degli specchi d&#8217;acqua, sar\u00e0 suddiviso in 6 comparti: <strong>Tortora \u2013 Scalea; Diamante\u2013 Bonifati; Guardia Piemontese \u2013 Falconara Albanese; Amantea \u2013 Gizzeria; Pizzo \u2013 Zambrone; Tropea \u2013 Foce fiume Mesima.<\/strong> L\u2019iniziativa si inquadra nell\u2019ambito di tutta quella serie di attivit\u00e0 e di sforzi della Regione Calabria, che si \u00e8 concentrata, negli ultimi due anni sulla risoluzione delle criticit\u00e0 del <strong>sistema depurativo calabrese, e in particolare, della fascia costiera tirrenica, tenuto conto delle situazioni di pericolo<\/strong> per la salute pubblica e del notevole impatto ambientale, in materia di trattamento delle acque reflue urbane.<\/p>\n<p>La pulizia degli specchi d&#8217;acqua del litorale tirrenico sar\u00e0 realizzato mediante recupero e rimozione dei rifiuti solidi galleggianti e <strong>semi sommersi e delle sostanze grasse e oleose, da eseguirsi con un numero necessario di passate<\/strong> di motobarche munite di appositi dispositivi allo scopo di rendere le zone completamente pulite, compreso il trasporto e <strong>lo smaltimento presso discarica autorizzata dei materiali di cui sopra, per un periodo decorrente dal 27 luglio al 26 agosto 2023<\/strong>.<\/p>\n","protected":false},"excerpt":{"rendered":"<p>VIBO VALENTIA &#8211; Domani presso la sala Conferenze della Capitaneria di Porto di Vibo Valentia, si terr\u00e0 la presentazione del progetto per la pulizia degli specchi acquei del litorale tirrenico della Calabria compreso tra i Comuni di Tortora (provincia di Cosenza) e di Nicotera (provincia di Vibo Valentia). In particolare, saranno presentati gli interventi di [&hellip;]<\/p>\n","protected":false},"author":61,"featured_media":191071,"comment_status":"closed","ping_status":"closed","sticky":false,"template":"","format":"standard","meta":{"_acf_changed":false,"footnotes":"","jetpack_publicize_message":"","jetpack_publicize_feature_enabled":true,"jetpack_social_post_already_shared":false,"jetpack_social_options":{"image_generator_settings":{"template":"highway","default_image_id":0,"font":"","enabled":false},"version":2}},"categories":[17],"tags":[19],"class_list":["post-207533","post","type-post","status-publish","format-standard","has-post-thumbnail","hentry","category-calabria","tag-copertina"],"acf":[],"jetpack_publicize_connections":[],"_links":{"self":[{"href":"https:\/\/quicosenza.it\/news\/wp-json\/wp\/v2\/posts\/207533","targetHints":{"allow":["GET"]}}],"collection":[{"href":"https:\/\/quicosenza.it\/news\/wp-json\/wp\/v2\/posts"}],"about":[{"href":"https:\/\/quicosenza.it\/news\/wp-json\/wp\/v2\/types\/post"}],"author":[{"embeddable":true,"href":"https:\/\/quicosenza.it\/news\/wp-json\/wp\/v2\/users\/61"}],"replies":[{"embeddable":true,"href":"https:\/\/quicosenza.it\/news\/wp-json\/wp\/v2\/comments?post=207533"}],"version-history":[{"count":0,"href":"https:\/\/quicosenza.it\/news\/wp-json\/wp\/v2\/posts\/207533\/revisions"}],"wp:featuredmedia":[{"embeddable":true,"href":"https:\/\/quicosenza.it\/news\/wp-json\/wp\/v2\/media\/191071"}],"wp:attachment":[{"href":"https:\/\/quicosenza.it\/news\/wp-json\/wp\/v2\/media?parent=207533"}],"wp:term":[{"taxonomy":"category","embeddable":true,"href":"https:\/\/quicosenza.it\/news\/wp-json\/wp\/v2\/categories?post=207533"},{"taxonomy":"post_tag","embeddable":true,"href":"https:\/\/quicosenza.it\/news\/wp-json\/wp\/v2\/tags?post=207533"}],"curies":[{"name":"wp","href":"https:\/\/api.w.org\/{rel}","templated":true}]}}