{"id":207560,"date":"2023-07-26T22:00:11","date_gmt":"2023-07-26T20:00:11","guid":{"rendered":"https:\/\/www.quicosenza.it\/news\/?p=207560"},"modified":"2023-07-26T19:01:40","modified_gmt":"2023-07-26T17:01:40","slug":"sanita-la-regione-calabria-proroga-la-graduatoria-infermieri-e-oss","status":"publish","type":"post","link":"https:\/\/quicosenza.it\/news\/sanita-la-regione-calabria-proroga-la-graduatoria-infermieri-e-oss\/","title":{"rendered":"Sanit\u00e0, la Regione Calabria proroga la graduatoria infermieri e Oss"},"content":{"rendered":"<p>Reggio Calabria &#8211; Il Consiglio regionale della Calabria,<strong> nel corso dell&#8217;odierna seduta, ha approvato la proposta di legge, di iniziativa della Giunta, che prevede la &#8220;proroga delle graduatorie del servizio sanitario regionale<\/strong>&#8220;. La legge &#8211; ha sostenuto la Giunta &#8211; &#8220;ha come finalit\u00e0 quella di superare l&#8217;endemica mancanza di personale sanitario.<\/p>\n<p>Tale mancanza \u00e8 una pesante <strong>realt\u00e0 che condiziona la possibilit\u00e0 di assicurare ai cittadini calabresi il fondamentale diritto costituzionale alla salute<\/strong>&#8220;. Secondo quanto prevede l&#8217;articolato la proroga &#8220;ha validit\u00e0 annuale ed \u00e8 subordinata alla frequenza di un corso di aggiornamento degli iscritti e al superamento di un colloquio atto ad accertarne la perdurante idoneita&#8217;&#8221;.<strong> A relazionare in aula \u00e8 stata la presidente della terza Commissione, Pasqualina Straface (Forza Italia): sulla proposta di legge si \u00e8 registrata l&#8217;astensione del Pd<\/strong>.<\/p>\n<p>L&#8217;aula inoltre ha approvato la proposta di<strong> legge presentata dal gruppo della Lega che prevede l&#8217;istituzione delle &#8220;Palestre della Salute&#8221;<\/strong>, una proposta di legge sul funzionamento della Commissione provinciale per le espropriazioni, una proposta di legge in tema di edilizia residenziale pubblica, <strong>una mozione dei consiglieri Lo Schiavo e Talerico &#8220;sull&#8217;autonomia speciale al Museo archeologico nazionale di Crotone e al Museo e Parco archeologico nazionale di Capo Colonna<\/strong>&#8221; e una mozione del consigliere Neri in tema di &#8220;Eta&#8217; del consenso&#8221;.<\/p>\n","protected":false},"excerpt":{"rendered":"<p>Reggio Calabria &#8211; Il Consiglio regionale della Calabria, nel corso dell&#8217;odierna seduta, ha approvato la proposta di legge, di iniziativa della Giunta, che prevede la &#8220;proroga delle graduatorie del servizio sanitario regionale&#8220;. La legge &#8211; ha sostenuto la Giunta &#8211; &#8220;ha come finalit\u00e0 quella di superare l&#8217;endemica mancanza di personale sanitario. Tale mancanza \u00e8 una [&hellip;]<\/p>\n","protected":false},"author":61,"featured_media":193454,"comment_status":"closed","ping_status":"closed","sticky":false,"template":"","format":"standard","meta":{"_acf_changed":false,"footnotes":"","jetpack_publicize_message":"","jetpack_publicize_feature_enabled":true,"jetpack_social_post_already_shared":false,"jetpack_social_options":{"image_generator_settings":{"template":"highway","default_image_id":0,"font":"","enabled":false},"version":2}},"categories":[17],"tags":[19],"class_list":["post-207560","post","type-post","status-publish","format-standard","has-post-thumbnail","hentry","category-calabria","tag-copertina"],"acf":[],"jetpack_publicize_connections":[],"_links":{"self":[{"href":"https:\/\/quicosenza.it\/news\/wp-json\/wp\/v2\/posts\/207560","targetHints":{"allow":["GET"]}}],"collection":[{"href":"https:\/\/quicosenza.it\/news\/wp-json\/wp\/v2\/posts"}],"about":[{"href":"https:\/\/quicosenza.it\/news\/wp-json\/wp\/v2\/types\/post"}],"author":[{"embeddable":true,"href":"https:\/\/quicosenza.it\/news\/wp-json\/wp\/v2\/users\/61"}],"replies":[{"embeddable":true,"href":"https:\/\/quicosenza.it\/news\/wp-json\/wp\/v2\/comments?post=207560"}],"version-history":[{"count":0,"href":"https:\/\/quicosenza.it\/news\/wp-json\/wp\/v2\/posts\/207560\/revisions"}],"wp:featuredmedia":[{"embeddable":true,"href":"https:\/\/quicosenza.it\/news\/wp-json\/wp\/v2\/media\/193454"}],"wp:attachment":[{"href":"https:\/\/quicosenza.it\/news\/wp-json\/wp\/v2\/media?parent=207560"}],"wp:term":[{"taxonomy":"category","embeddable":true,"href":"https:\/\/quicosenza.it\/news\/wp-json\/wp\/v2\/categories?post=207560"},{"taxonomy":"post_tag","embeddable":true,"href":"https:\/\/quicosenza.it\/news\/wp-json\/wp\/v2\/tags?post=207560"}],"curies":[{"name":"wp","href":"https:\/\/api.w.org\/{rel}","templated":true}]}}