{"id":207714,"date":"2023-07-27T17:00:52","date_gmt":"2023-07-27T15:00:52","guid":{"rendered":"https:\/\/www.quicosenza.it\/news\/?p=207714"},"modified":"2023-07-27T16:03:34","modified_gmt":"2023-07-27T14:03:34","slug":"ricostruzione-di-cranio-e-viso-dopo-un-incidente-lintervento-eccezionale-alla-dulbecco","status":"publish","type":"post","link":"https:\/\/quicosenza.it\/news\/ricostruzione-di-cranio-e-viso-dopo-un-incidente-lintervento-eccezionale-alla-dulbecco\/","title":{"rendered":"Ricostruzione di cranio e viso dopo un incidente, l&#8217;intervento eccezionale alla &#8216;Dulbecco&#8217;"},"content":{"rendered":"<p>CATANZARO &#8211; <strong>Un complesso intervento chirurgico<\/strong> su una paziente con trauma cranio facciale \u00e8 stato eseguito nei giorni scorsi all<strong>&#8216;Azienda ospedaliera universitaria &#8220;Renato Dulbecco&#8221; di Catanzaro<\/strong> grazie alla collaborazione tra la Soc di Neurochirurgia del presidio Pugliese, diretta da <strong>Giuseppe Mauro<\/strong> e la Uoc di Chirurgia maxillo-facciale del presidio Mater Domini diretta da <strong>Maria Giulia Cristofaro<\/strong>.<\/p>\n<p>La <strong>paziente, di 42 anni,<\/strong> era stata ricoverata in pericolo di vita all&#8217;Uo di Rianimazione del presidio Pugliese, diretta da Maria Laura Guzzo, in seguito ad un incidente stradale che aveva comportato uno sfondamento cranio-facciale con scoppio dell&#8217;occhio destro.<\/p>\n<p>&#8220;L&#8217;intervento chirurgico, eseguito in un&#8217;unica seduta operatoria evitando cos\u00ec alla paziente doppio stress operatorio &#8211; \u00e8 scritto in una nota &#8211; \u00e8 stato <strong>condotto in modo ottimale<\/strong> vista la tac post-operatoria. Durante l&#8217;operazione \u00e8 stata ricostruita la teca cranica per <strong>ridurre la sofferenza cerebrale che comunque rimane grave per l&#8217;entit\u00e0 dell&#8217;incidente<\/strong>, e le ossa del volto per ristabilire le condizioni pre-trauma del viso&#8221;.<\/p>\n<p>&#8220;L&#8217;esito ottenuto &#8211; commentano Cristofaro e Mauro &#8211; dimostra l&#8217;ottima concretizzazione armoniosa dell&#8217;integrazione tra le professionalit\u00e0 universitarie ed ospedaliere, condizione indispensabile per assicurare alla nascente &#8216;Dulbecco&#8217; reali prospettive di successo. La collaborazione dimostrata tra specialisti di presidi diversi ma appartenenti alla medesima Azienda, \u00e8 espressione della <strong>buona riuscita del progetto aziendale di fusione<\/strong> a vantaggio dei pazienti, dimostrando con i fatti che l&#8217;integrazione non \u00e8 solo un atto amministrativo&#8221;.<\/p>\n<p>&#8220;C&#8217;\u00e8 ancora tanto da lavorare &#8211; aggiungono Cristofaro e Mauro &#8211; per realizzare appieno questo progetto di fusione e gestire al meglio le criticit\u00e0. E&#8217; nostra intenzione portare avanti questa fattiva collaborazione per garantire un percorso assistenziale di alto livello per i pazienti, certi di poter continuare a contare sul sostegno delle Autorit\u00e0 universitarie e aziendali&#8221;.<\/p>\n","protected":false},"excerpt":{"rendered":"<p>CATANZARO &#8211; Un complesso intervento chirurgico su una paziente con trauma cranio facciale \u00e8 stato eseguito nei giorni scorsi all&#8216;Azienda ospedaliera universitaria &#8220;Renato Dulbecco&#8221; di Catanzaro grazie alla collaborazione tra la Soc di Neurochirurgia del presidio Pugliese, diretta da Giuseppe Mauro e la Uoc di Chirurgia maxillo-facciale del presidio Mater Domini diretta da Maria Giulia [&hellip;]<\/p>\n","protected":false},"author":58,"featured_media":191429,"comment_status":"closed","ping_status":"closed","sticky":false,"template":"","format":"standard","meta":{"_acf_changed":false,"footnotes":"","jetpack_publicize_message":"","jetpack_publicize_feature_enabled":true,"jetpack_social_post_already_shared":false,"jetpack_social_options":{"image_generator_settings":{"template":"highway","default_image_id":0,"font":"","enabled":false},"version":2}},"categories":[17],"tags":[19],"class_list":["post-207714","post","type-post","status-publish","format-standard","has-post-thumbnail","hentry","category-calabria","tag-copertina"],"acf":[],"jetpack_publicize_connections":[],"_links":{"self":[{"href":"https:\/\/quicosenza.it\/news\/wp-json\/wp\/v2\/posts\/207714","targetHints":{"allow":["GET"]}}],"collection":[{"href":"https:\/\/quicosenza.it\/news\/wp-json\/wp\/v2\/posts"}],"about":[{"href":"https:\/\/quicosenza.it\/news\/wp-json\/wp\/v2\/types\/post"}],"author":[{"embeddable":true,"href":"https:\/\/quicosenza.it\/news\/wp-json\/wp\/v2\/users\/58"}],"replies":[{"embeddable":true,"href":"https:\/\/quicosenza.it\/news\/wp-json\/wp\/v2\/comments?post=207714"}],"version-history":[{"count":0,"href":"https:\/\/quicosenza.it\/news\/wp-json\/wp\/v2\/posts\/207714\/revisions"}],"wp:featuredmedia":[{"embeddable":true,"href":"https:\/\/quicosenza.it\/news\/wp-json\/wp\/v2\/media\/191429"}],"wp:attachment":[{"href":"https:\/\/quicosenza.it\/news\/wp-json\/wp\/v2\/media?parent=207714"}],"wp:term":[{"taxonomy":"category","embeddable":true,"href":"https:\/\/quicosenza.it\/news\/wp-json\/wp\/v2\/categories?post=207714"},{"taxonomy":"post_tag","embeddable":true,"href":"https:\/\/quicosenza.it\/news\/wp-json\/wp\/v2\/tags?post=207714"}],"curies":[{"name":"wp","href":"https:\/\/api.w.org\/{rel}","templated":true}]}}