{"id":207731,"date":"2023-07-27T18:31:42","date_gmt":"2023-07-27T16:31:42","guid":{"rendered":"https:\/\/www.quicosenza.it\/news\/?p=207731"},"modified":"2023-07-28T10:01:10","modified_gmt":"2023-07-28T08:01:10","slug":"cosenza-incendio-in-un-magazzino-tra-viale-parco-e-cristo-re-in-fiamme-carrozzine-per-disabili","status":"publish","type":"post","link":"https:\/\/quicosenza.it\/news\/cosenza-incendio-in-un-magazzino-tra-viale-parco-e-cristo-re-in-fiamme-carrozzine-per-disabili\/","title":{"rendered":"Cosenza, incendio in un magazzino tra Viale Parco e Cristo Re. In fiamme carrozzine per disabili"},"content":{"rendered":"<p>COSENZA &#8211; Un incendio \u00e8 divampato nel pomeriggio all&#8217;interno di un magazzino di propriet\u00e0 di <strong>un&#8217;attivit\u00e0 sanitaria<\/strong> nei pressi della chiesa di Cristo Re, tra Viale parco e Via Popilia.<\/p>\n<p>In particolare le fiamme sono divampate su Via Giorgio La Pira in<strong> un deposito<\/strong> al cui interno erano presenti delle <strong>carrozzine per disabili<\/strong> di un centro medico e di riabilitazione. Sul posto stanno operando <strong>due squadre dei vigli del fuoco<\/strong> di Cosenza che avrebbero circoscritto le fiamme.<\/p>\n<p><em>Seguono aggiornamenti<\/em><\/p>\n<p><img loading=\"lazy\" decoding=\"async\" class=\"wp-image-207735 aligncenter\" src=\"https:\/\/quicosenza.it\/news\/wp-content\/uploads\/2023\/07\/INCENDIO-CARROZZINE.jpg\" alt=\"\" width=\"455\" height=\"354\" title=\"\" srcset=\"https:\/\/quicosenza.it\/news\/wp-content\/uploads\/2023\/07\/INCENDIO-CARROZZINE.jpg 900w, https:\/\/quicosenza.it\/news\/wp-content\/uploads\/2023\/07\/INCENDIO-CARROZZINE-300x233.jpg 300w, https:\/\/quicosenza.it\/news\/wp-content\/uploads\/2023\/07\/INCENDIO-CARROZZINE-768x597.jpg 768w, https:\/\/quicosenza.it\/news\/wp-content\/uploads\/2023\/07\/INCENDIO-CARROZZINE-150x117.jpg 150w, https:\/\/quicosenza.it\/news\/wp-content\/uploads\/2023\/07\/INCENDIO-CARROZZINE-696x541.jpg 696w, https:\/\/quicosenza.it\/news\/wp-content\/uploads\/2023\/07\/INCENDIO-CARROZZINE-540x420.jpg 540w\" sizes=\"auto, (max-width: 455px) 100vw, 455px\" \/><\/p>\n<p><img loading=\"lazy\" decoding=\"async\" class=\"wp-image-207734 aligncenter\" src=\"https:\/\/quicosenza.it\/news\/wp-content\/uploads\/2023\/07\/Incendio-Cosenza.jpg\" alt=\"Incendio Cosenza\" width=\"496\" height=\"339\" title=\"\" srcset=\"https:\/\/quicosenza.it\/news\/wp-content\/uploads\/2023\/07\/Incendio-Cosenza.jpg 970w, https:\/\/quicosenza.it\/news\/wp-content\/uploads\/2023\/07\/Incendio-Cosenza-300x205.jpg 300w, https:\/\/quicosenza.it\/news\/wp-content\/uploads\/2023\/07\/Incendio-Cosenza-768x524.jpg 768w, https:\/\/quicosenza.it\/news\/wp-content\/uploads\/2023\/07\/Incendio-Cosenza-150x102.jpg 150w, https:\/\/quicosenza.it\/news\/wp-content\/uploads\/2023\/07\/Incendio-Cosenza-218x150.jpg 218w, https:\/\/quicosenza.it\/news\/wp-content\/uploads\/2023\/07\/Incendio-Cosenza-696x475.jpg 696w, https:\/\/quicosenza.it\/news\/wp-content\/uploads\/2023\/07\/Incendio-Cosenza-615x420.jpg 615w\" sizes=\"auto, (max-width: 496px) 100vw, 496px\" \/><\/p>\n","protected":false},"excerpt":{"rendered":"<p>COSENZA &#8211; Un incendio \u00e8 divampato nel pomeriggio all&#8217;interno di un magazzino di propriet\u00e0 di un&#8217;attivit\u00e0 sanitaria nei pressi della chiesa di Cristo Re, tra Viale parco e Via Popilia. In particolare le fiamme sono divampate su Via Giorgio La Pira in un deposito al cui interno erano presenti delle carrozzine per disabili di un [&hellip;]<\/p>\n","protected":false},"author":60,"featured_media":207732,"comment_status":"closed","ping_status":"closed","sticky":false,"template":"","format":"standard","meta":{"_acf_changed":false,"footnotes":"","jetpack_publicize_message":"","jetpack_publicize_feature_enabled":true,"jetpack_social_post_already_shared":false,"jetpack_social_options":{"image_generator_settings":{"template":"highway","default_image_id":0,"font":"","enabled":false},"version":2}},"categories":[563,42],"tags":[19],"class_list":["post-207731","post","type-post","status-publish","format-standard","has-post-thumbnail","hentry","category-area-urbana","category-cosenza","tag-copertina"],"acf":[],"jetpack_publicize_connections":[],"_links":{"self":[{"href":"https:\/\/quicosenza.it\/news\/wp-json\/wp\/v2\/posts\/207731","targetHints":{"allow":["GET"]}}],"collection":[{"href":"https:\/\/quicosenza.it\/news\/wp-json\/wp\/v2\/posts"}],"about":[{"href":"https:\/\/quicosenza.it\/news\/wp-json\/wp\/v2\/types\/post"}],"author":[{"embeddable":true,"href":"https:\/\/quicosenza.it\/news\/wp-json\/wp\/v2\/users\/60"}],"replies":[{"embeddable":true,"href":"https:\/\/quicosenza.it\/news\/wp-json\/wp\/v2\/comments?post=207731"}],"version-history":[{"count":0,"href":"https:\/\/quicosenza.it\/news\/wp-json\/wp\/v2\/posts\/207731\/revisions"}],"wp:featuredmedia":[{"embeddable":true,"href":"https:\/\/quicosenza.it\/news\/wp-json\/wp\/v2\/media\/207732"}],"wp:attachment":[{"href":"https:\/\/quicosenza.it\/news\/wp-json\/wp\/v2\/media?parent=207731"}],"wp:term":[{"taxonomy":"category","embeddable":true,"href":"https:\/\/quicosenza.it\/news\/wp-json\/wp\/v2\/categories?post=207731"},{"taxonomy":"post_tag","embeddable":true,"href":"https:\/\/quicosenza.it\/news\/wp-json\/wp\/v2\/tags?post=207731"}],"curies":[{"name":"wp","href":"https:\/\/api.w.org\/{rel}","templated":true}]}}