{"id":207806,"date":"2023-07-29T08:53:39","date_gmt":"2023-07-29T06:53:39","guid":{"rendered":"https:\/\/www.quicosenza.it\/news\/?p=207806"},"modified":"2023-07-29T09:38:00","modified_gmt":"2023-07-29T07:38:00","slug":"autovelox-irregolari-nel-cosentino-indaga-la-procura-automobilisti-pronti-ai-ricorsi-ma-chi-ha-gia-pagato","status":"publish","type":"post","link":"https:\/\/quicosenza.it\/news\/autovelox-irregolari-nel-cosentino-indaga-la-procura-automobilisti-pronti-ai-ricorsi-ma-chi-ha-gia-pagato\/","title":{"rendered":"Autovelox irregolari nel cosentino: indaga la Procura. Cittadini pronti ai ricorsi, ma chi ha gi\u00e0 pagato?"},"content":{"rendered":"<p>COSENZA &#8211; Autovelox irregolari posto sotto sequestro. Su mandato della <strong>Procura di Cosenza<\/strong>, che sta indagando a 360 gradi, la Polizia stradale di Cosenza ha messo i sigilli a<a href=\"https:\/\/quicosenza.it\/news\/provincia\/non-solo-luzzi-sequestrato-un-autovelox-sulla-107-e-uno-scout-speed-usato-su-una-punto\" target=\"_blank\" rel=\"noopener\"> diversi apprecchi<\/a> fatti installati da alcuni comuni negli ultimi mesi in Provincia di Cosenza ma anche su <strong>alcuni mobili utilizzati in modo irregolare<\/strong>. Sotto investigazione \u00e8 finito anche il<strong> tutor sulla Statale 107 nel comune di Rovito<\/strong> e quello fisso di <strong>San Fili<\/strong>.<\/p>\n<h3>Autovelox irregolari: non omologati e senza banchina<\/h3>\n<p>Alcuni, come quello<strong>\u00a0fisso di Contrada <a href=\"https:\/\/quicosenza.it\/news\/provincia\/privo-di-omologazione-e-senza-banchina-sequestrato-lautovelox-di-luzzi-in-contrada-linze\" target=\"_blank\" rel=\"noopener\">Linze<\/a> nel comune di Luzzi<\/strong> lungo la Strada provinciale 234, cos\u00ec come anche quello fatto installare dalla provincia di Cosenza a <strong>Cantinella sulla Strada provinciale 253,<\/strong> nel tratto ricadente nel Comune di Corigliano-Rossano lungo, (in quel caso si tratta di tutor autovelox per la rilevazione della velocit\u00e0 media) non soddisfano le caratteristiche tecniche previste dall&#8217;<b>articolo 2 del Codice della Strada. Ovvero <\/b>la strada non presenta<b>\u00a0alcuna banchina\u00a0<\/b>e l<strong>a presenza di una banchina \u00e8 un requisito imprescindibile<\/strong> ai fini della qualificazione di una strada quale extraurbana secondaria. In pratica sono<strong> annullabili le multa a mezzo di autovelox su strada regionale prive di banchina<\/strong>. Lo stesso codice della strada prevede, infatti, la possibilit\u00e0 della multa a distanza soltanto nel caso in cui la strada abbia determinate caratteristiche.<\/p>\n<p><img loading=\"lazy\" decoding=\"async\" class=\"wp-image-207726 aligncenter\" src=\"https:\/\/quicosenza.it\/news\/wp-content\/uploads\/2023\/07\/Autovelox-Luzzi-Contrada-Linze.jpg\" alt=\"Autovelox Luzzi Contrada Linze\" width=\"561\" height=\"404\" title=\"\" srcset=\"https:\/\/quicosenza.it\/news\/wp-content\/uploads\/2023\/07\/Autovelox-Luzzi-Contrada-Linze.jpg 970w, https:\/\/quicosenza.it\/news\/wp-content\/uploads\/2023\/07\/Autovelox-Luzzi-Contrada-Linze-300x216.jpg 300w, https:\/\/quicosenza.it\/news\/wp-content\/uploads\/2023\/07\/Autovelox-Luzzi-Contrada-Linze-768x553.jpg 768w, https:\/\/quicosenza.it\/news\/wp-content\/uploads\/2023\/07\/Autovelox-Luzzi-Contrada-Linze-150x108.jpg 150w, https:\/\/quicosenza.it\/news\/wp-content\/uploads\/2023\/07\/Autovelox-Luzzi-Contrada-Linze-696x501.jpg 696w, https:\/\/quicosenza.it\/news\/wp-content\/uploads\/2023\/07\/Autovelox-Luzzi-Contrada-Linze-584x420.jpg 584w\" sizes=\"auto, (max-width: 561px) 100vw, 561px\" \/><\/p>\n<p>L<strong>&#8216;avvocato Maurizio Feraudo<\/strong> di Acri si era resto subito conto che l&#8217;autovelox di Luzzi non aveva le necessarie caratteristiche e per questo <strong>ha raccolto le denunce di decine di automobilisti<\/strong>, che si sono visti recapitare multe fino a 200 euro con punti decurtati dalla patente. Ho fatto ricorso ed ha vinto. &#8220;Gli autovelox a postazione fissa come quello di Luzzi ma anche quello fatto installare dalla provincia di Cosenza a Cantinella &#8211; spiega il legale &#8211; sono posizionati in un tratto stradale senza banchina. <strong>C&#8217;\u00e8 un principio consolidato in giurisprudenza che afferma come gli autovelox a postazione fissa non possano essere installati senza la presenza di una banchina<\/strong>. Possono essere installati solo quelli mobili in uso, ad esempio, alla polizia locale, adeguatamente segnalati.<strong> Abbiamo chiesto alla Provincia tutta la documentazione e abbiamo diversi ricorsi che pendono al gidice di Pace di Cosenza competente per l&#8217;autovelox di Luzzi<\/strong>&#8220;.<\/p>\n<h3>Ricorsi immediati. Ma chi ha gi\u00e0 pagato dovr\u00e0 aspettare<\/h3>\n<p>L&#8217;avvocato Feraudo spiega che gli automobilisti che hanno in essere sanzioni arrivate dagli autovelox sequestrati, possono fare <strong>subito ricorso al giudice di pace se la notifica non ha superato i 30 giorni<\/strong>. Per le notifiche differite di un verbale si pu\u00f2<strong> proporre ricorso al Prefetto del luogo della commessa violazione<\/strong>, entro 60 giorni dalla contestazione o notifica della violazione.<\/p>\n<p><img loading=\"lazy\" decoding=\"async\" class=\"wp-image-207814 aligncenter\" src=\"https:\/\/quicosenza.it\/news\/wp-content\/uploads\/2023\/07\/Autovelox1.jpg\" alt=\"Autovelox sequestrato\" width=\"540\" height=\"351\" title=\"\" srcset=\"https:\/\/quicosenza.it\/news\/wp-content\/uploads\/2023\/07\/Autovelox1.jpg 970w, https:\/\/quicosenza.it\/news\/wp-content\/uploads\/2023\/07\/Autovelox1-300x195.jpg 300w, https:\/\/quicosenza.it\/news\/wp-content\/uploads\/2023\/07\/Autovelox1-768x499.jpg 768w, https:\/\/quicosenza.it\/news\/wp-content\/uploads\/2023\/07\/Autovelox1-150x97.jpg 150w, https:\/\/quicosenza.it\/news\/wp-content\/uploads\/2023\/07\/Autovelox1-696x452.jpg 696w, https:\/\/quicosenza.it\/news\/wp-content\/uploads\/2023\/07\/Autovelox1-647x420.jpg 647w\" sizes=\"auto, (max-width: 540px) 100vw, 540px\" \/><\/p>\n<p><strong>E per chi invece ha gi\u00e0 pagato la multa\u00a0 e si \u00e8 visto decurtare i punti dalla patente?<\/strong> L&#8217;avvocato spiega: &#8220;qui la situazione \u00e8 un po&#8217; pi\u00f9 complessa. \u00c8 certamente possibile, anche retroattivamente, fare ricorso per riottenere le somme spese per pagare le multe, ma <strong>bisogna attendere tutto l&#8217;iter\u00a0<\/strong><b>giudiziario<\/b> porti ad una sentenza definitiva da parte della magistratura che accerti l&#8217;effettiva violazione e irregolarit\u00e0 degli apparecchi. Solo in quel caso si pu\u00f2 chiedere di riavere indietro le somme&#8221;.<\/p>\n<h3>Ingiusto profitto, la Procura vuole vederci chiaro<\/h3>\n<p>Fin qui gli autovelox nona norma dal punto di vista &#8216;tecnico&#8217; e del codice della strada. Ma ci sarebbero <strong>autovelox che presenterebbero irregolarit\u00e0 dal punto di vista penale e dove si ipotizzerebbe un ingiusto profitto ai danni degli automobilisti<\/strong>. Per questo la Procura sta indagando sugli apparecchi delle societ\u00e0 private che vengono poi date in noleggio ad Enti locali e per cui sono state rilevate delle <strong>difformit\u00e0<\/strong>\u00a0<strong>inerenti l\u2019omologazione dei sistemi<\/strong>.<\/p>\n<p><img loading=\"lazy\" decoding=\"async\" class=\"wp-image-207815 aligncenter\" src=\"https:\/\/quicosenza.it\/news\/wp-content\/uploads\/2023\/07\/Autovelox-Rovito-1.jpg\" alt=\"\" width=\"539\" height=\"355\" title=\"\" srcset=\"https:\/\/quicosenza.it\/news\/wp-content\/uploads\/2023\/07\/Autovelox-Rovito-1.jpg 970w, https:\/\/quicosenza.it\/news\/wp-content\/uploads\/2023\/07\/Autovelox-Rovito-1-300x197.jpg 300w, https:\/\/quicosenza.it\/news\/wp-content\/uploads\/2023\/07\/Autovelox-Rovito-1-768x505.jpg 768w, https:\/\/quicosenza.it\/news\/wp-content\/uploads\/2023\/07\/Autovelox-Rovito-1-150x99.jpg 150w, https:\/\/quicosenza.it\/news\/wp-content\/uploads\/2023\/07\/Autovelox-Rovito-1-696x458.jpg 696w, https:\/\/quicosenza.it\/news\/wp-content\/uploads\/2023\/07\/Autovelox-Rovito-1-639x420.jpg 639w, https:\/\/quicosenza.it\/news\/wp-content\/uploads\/2023\/07\/Autovelox-Rovito-1-741x486.jpg 741w\" sizes=\"auto, (max-width: 539px) 100vw, 539px\" \/><\/p>\n<p>Il reato ipotizzato dalla Procura della Repubblica presso il Tribunale di Cosenza \u00e8 quello di cui all\u2019art. 640 c.p. <strong>nei confronti del legale rappresentante della societ\u00e0 appaltatrice <\/strong>che avrebbero ottenuto un ingiusto profitto economico. Sarebbero emersi diversi casi di <strong>n<\/strong>o<strong>n corrispondenza tra la velocit\u00e0 effettivamente tenuta dagli automobilisti e la rilevazione effettuata poi dagli autovelox<\/strong>. E in molti si sono visti recapitare multe anche di un solo chilometro di eccedenza (considerando anche i 5 di tolleranza).<\/p>\n","protected":false},"excerpt":{"rendered":"<p>COSENZA &#8211; Autovelox irregolari posto sotto sequestro. Su mandato della Procura di Cosenza, che sta indagando a 360 gradi, la Polizia stradale di Cosenza ha messo i sigilli a diversi apprecchi fatti installati da alcuni comuni negli ultimi mesi in Provincia di Cosenza ma anche su alcuni mobili utilizzati in modo irregolare. Sotto investigazione \u00e8 [&hellip;]<\/p>\n","protected":false},"author":23,"featured_media":207817,"comment_status":"closed","ping_status":"closed","sticky":false,"template":"","format":"standard","meta":{"_acf_changed":false,"footnotes":"","jetpack_publicize_message":"","jetpack_publicize_feature_enabled":true,"jetpack_social_post_already_shared":false,"jetpack_social_options":{"image_generator_settings":{"template":"highway","default_image_id":0,"font":"","enabled":false},"version":2}},"categories":[28],"tags":[19],"class_list":["post-207806","post","type-post","status-publish","format-standard","has-post-thumbnail","hentry","category-provincia","tag-copertina"],"acf":[],"jetpack_publicize_connections":[],"_links":{"self":[{"href":"https:\/\/quicosenza.it\/news\/wp-json\/wp\/v2\/posts\/207806","targetHints":{"allow":["GET"]}}],"collection":[{"href":"https:\/\/quicosenza.it\/news\/wp-json\/wp\/v2\/posts"}],"about":[{"href":"https:\/\/quicosenza.it\/news\/wp-json\/wp\/v2\/types\/post"}],"author":[{"embeddable":true,"href":"https:\/\/quicosenza.it\/news\/wp-json\/wp\/v2\/users\/23"}],"replies":[{"embeddable":true,"href":"https:\/\/quicosenza.it\/news\/wp-json\/wp\/v2\/comments?post=207806"}],"version-history":[{"count":0,"href":"https:\/\/quicosenza.it\/news\/wp-json\/wp\/v2\/posts\/207806\/revisions"}],"wp:featuredmedia":[{"embeddable":true,"href":"https:\/\/quicosenza.it\/news\/wp-json\/wp\/v2\/media\/207817"}],"wp:attachment":[{"href":"https:\/\/quicosenza.it\/news\/wp-json\/wp\/v2\/media?parent=207806"}],"wp:term":[{"taxonomy":"category","embeddable":true,"href":"https:\/\/quicosenza.it\/news\/wp-json\/wp\/v2\/categories?post=207806"},{"taxonomy":"post_tag","embeddable":true,"href":"https:\/\/quicosenza.it\/news\/wp-json\/wp\/v2\/tags?post=207806"}],"curies":[{"name":"wp","href":"https:\/\/api.w.org\/{rel}","templated":true}]}}