{"id":207944,"date":"2023-07-30T20:05:37","date_gmt":"2023-07-30T18:05:37","guid":{"rendered":"https:\/\/www.quicosenza.it\/news\/?p=207944"},"modified":"2023-07-31T15:17:50","modified_gmt":"2023-07-31T13:17:50","slug":"tragedia-ad-amantea-trentenne-muore-annegato-mentre-fa-il-bagno","status":"publish","type":"post","link":"https:\/\/quicosenza.it\/news\/tragedia-ad-amantea-trentenne-muore-annegato-mentre-fa-il-bagno\/","title":{"rendered":"Tragedia ad Amantea: trentenne muore annegato mentre fa il bagno"},"content":{"rendered":"<p>AMANTEA (CS) &#8211; Un giovane, di origine pakistana di circa 30 anni, \u00e8<strong> annegato questo pomeriggio nelle acque del Tirreno cosentino<\/strong>. La tragedia \u00e8 accaduta intorno alle 17 ad Amantea, nella frazione di<strong> Campora San Giovanni <\/strong>\u00a0dove il giovane si era arrivato insieme ad una comitiva di amici per passare una domenica al mare.<strong> Sarebbero stati proprio gli amici ad accorgersi della sparizione del 30enne<\/strong> che poco prima si era tuffato in mare.<\/p>\n<p>Secondo quanto emerso il giovane <strong>non sapeva nuotare e potrebbe essersi trovato a largo<\/strong> non riuscendo a restare a galla e neanche a lanciare l&#8217;allarme ai suoi amici. La comitiva, accortasi della sua assenza, lo ha cercato lungo tutta la spiaggia fino a<strong> quando il suo corpo senza vita \u00e8 stato avvistato in mare<\/strong>, poco distante dalla riva da una persona a bordo di una barca. Sul posto si sono recati i carabinieri e la Capitaneria di Porto.<\/p>\n<p>Anche il sindaco della citt\u00e0, Enzo Pellegrino, \u00e8 giunto sulla spiaggia, mentre la salma del giovane \u00e8 stata portato presso il nosocomio di Cetraro, dove rimarr\u00e0 a disposizione dell\u2019autorit\u00e0 giudiziaria di Paola.<\/p>\n","protected":false},"excerpt":{"rendered":"<p>AMANTEA (CS) &#8211; Un giovane, di origine pakistana di circa 30 anni, \u00e8 annegato questo pomeriggio nelle acque del Tirreno cosentino. La tragedia \u00e8 accaduta intorno alle 17 ad Amantea, nella frazione di Campora San Giovanni \u00a0dove il giovane si era arrivato insieme ad una comitiva di amici per passare una domenica al mare. Sarebbero [&hellip;]<\/p>\n","protected":false},"author":55,"featured_media":207945,"comment_status":"closed","ping_status":"closed","sticky":false,"template":"","format":"standard","meta":{"_acf_changed":false,"footnotes":"","jetpack_publicize_message":"","jetpack_publicize_feature_enabled":true,"jetpack_social_post_already_shared":false,"jetpack_social_options":{"image_generator_settings":{"template":"highway","default_image_id":0,"font":"","enabled":false},"version":2}},"categories":[576],"tags":[19],"class_list":["post-207944","post","type-post","status-publish","format-standard","has-post-thumbnail","hentry","category-tirreno","tag-copertina"],"acf":[],"jetpack_publicize_connections":[],"_links":{"self":[{"href":"https:\/\/quicosenza.it\/news\/wp-json\/wp\/v2\/posts\/207944","targetHints":{"allow":["GET"]}}],"collection":[{"href":"https:\/\/quicosenza.it\/news\/wp-json\/wp\/v2\/posts"}],"about":[{"href":"https:\/\/quicosenza.it\/news\/wp-json\/wp\/v2\/types\/post"}],"author":[{"embeddable":true,"href":"https:\/\/quicosenza.it\/news\/wp-json\/wp\/v2\/users\/55"}],"replies":[{"embeddable":true,"href":"https:\/\/quicosenza.it\/news\/wp-json\/wp\/v2\/comments?post=207944"}],"version-history":[{"count":0,"href":"https:\/\/quicosenza.it\/news\/wp-json\/wp\/v2\/posts\/207944\/revisions"}],"wp:featuredmedia":[{"embeddable":true,"href":"https:\/\/quicosenza.it\/news\/wp-json\/wp\/v2\/media\/207945"}],"wp:attachment":[{"href":"https:\/\/quicosenza.it\/news\/wp-json\/wp\/v2\/media?parent=207944"}],"wp:term":[{"taxonomy":"category","embeddable":true,"href":"https:\/\/quicosenza.it\/news\/wp-json\/wp\/v2\/categories?post=207944"},{"taxonomy":"post_tag","embeddable":true,"href":"https:\/\/quicosenza.it\/news\/wp-json\/wp\/v2\/tags?post=207944"}],"curies":[{"name":"wp","href":"https:\/\/api.w.org\/{rel}","templated":true}]}}